{"id":3589,"date":"2024-06-28T19:58:14","date_gmt":"2024-06-28T22:58:14","guid":{"rendered":"https:\/\/partediario.com.ar\/?p=3589"},"modified":"2024-06-28T19:58:22","modified_gmt":"2024-06-28T22:58:22","slug":"parana-se-produjo-un-incendio-en-el-interior-de-un-colectivo-del-corredor-parana-santa-fe","status":"publish","type":"post","link":"https:\/\/partediario.com.ar\/?p=3589","title":{"rendered":"Paran\u00e1: se produjo un incendio en el interior de un colectivo del corredor Paran\u00e1-Santa Fe"},"content":{"rendered":"\n<h3 class=\"wp-block-heading\">En horas de la tarde de este viernes, personal de Bomberos Zapadores extingui\u00f3 un principio de incendio en el interior de un colectivo de la empresa Etacer.<\/h3>\n\n\n\n<p>La Empresa de transporte, cubre el recorrido Paran\u00e1- Santa Fe, el fuego se origin\u00f3 un canasto de flores que aparentemente se encontraba en el interior del micro, y que producto de una colilla de cigarrillo, se inici\u00f3 el fuego.<\/p>\n\n\n\n<p><\/p>\n\n\n\n<figure class=\"wp-block-image size-large\"><img loading=\"lazy\" decoding=\"async\" width=\"576\" height=\"1024\" src=\"https:\/\/partediario.com.ar\/wp-content\/uploads\/WhatsApp-Image-2024-06-28-at-18.48.49-576x1024.jpeg\" alt=\"\" class=\"wp-image-3591\" srcset=\"https:\/\/partediario.com.ar\/wp-content\/uploads\/WhatsApp-Image-2024-06-28-at-18.48.49-576x1024.jpeg 576w, https:\/\/partediario.com.ar\/wp-content\/uploads\/WhatsApp-Image-2024-06-28-at-18.48.49-169x300.jpeg 169w, https:\/\/partediario.com.ar\/wp-content\/uploads\/WhatsApp-Image-2024-06-28-at-18.48.49.jpeg 720w\" sizes=\"auto, (max-width: 576px) 100vw, 576px\" \/><\/figure>\n\n\n\n<p><\/p>\n\n\n\n<figure class=\"wp-block-image size-large\"><img loading=\"lazy\" decoding=\"async\" width=\"1024\" height=\"576\" src=\"https:\/\/partediario.com.ar\/wp-content\/uploads\/WhatsApp-Image-2024-06-28-at-18.48.50-1-1024x576.jpeg\" alt=\"\" class=\"wp-image-3590\" srcset=\"https:\/\/partediario.com.ar\/wp-content\/uploads\/WhatsApp-Image-2024-06-28-at-18.48.50-1-1024x576.jpeg 1024w, https:\/\/partediario.com.ar\/wp-content\/uploads\/WhatsApp-Image-2024-06-28-at-18.48.50-1-300x169.jpeg 300w, https:\/\/partediario.com.ar\/wp-content\/uploads\/WhatsApp-Image-2024-06-28-at-18.48.50-1-768x432.jpeg 768w, https:\/\/partediario.com.ar\/wp-content\/uploads\/WhatsApp-Image-2024-06-28-at-18.48.50-1.jpeg 1280w\" sizes=\"auto, (max-width: 1024px) 100vw, 1024px\" \/><\/figure>\n\n\n\n<p><\/p>\n\n\n\n<p>Afortunadamente fue un susto y el da\u00f1o en el micro superficial, gracias a la r\u00e1pida intervenci\u00f3n de los Bomberos Zapadores de la polic\u00eda de Entre Rios. Todo indica que se trataba de un canasto de flores de alg\u00fan pasajero en cuyo interior se encontraba un cigarrillo mal apagado.<\/p>\n\n\n\n<p>La r\u00e1pida intervenci\u00f3n impidi\u00f3 que el hecho pasara a mayores.<\/p>\n","protected":false},"excerpt":{"rendered":"<p>En horas de la tarde de este viernes, personal de Bomberos Zapadores extingui&oacute; un principio de incendio en el interior de un colectivo de la empresa Etacer. La Empresa de transporte, cubre el recorrido Paran&aacute;- Santa Fe, el fuego se origin&oacute; un canasto de flores que aparentemente se encontraba en el interior del micro, y [&hellip;]<\/p>\n","protected":false},"author":2,"featured_media":3592,"comment_status":"open","ping_status":"open","sticky":false,"template":"","format":"standard","meta":{"footnotes":""},"categories":[6,7],"tags":[460,1251,456,1252,265,461],"class_list":["post-3589","post","type-post","status-publish","format-standard","has-post-thumbnail","hentry","category-locales","category-policiales","tag-bomberos","tag-etacer","tag-incendio","tag-micro","tag-parana","tag-zapadores"],"_links":{"self":[{"href":"https:\/\/partediario.com.ar\/index.php?rest_route=\/wp\/v2\/posts\/3589","targetHints":{"allow":["GET"]}}],"collection":[{"href":"https:\/\/partediario.com.ar\/index.php?rest_route=\/wp\/v2\/posts"}],"about":[{"href":"https:\/\/partediario.com.ar\/index.php?rest_route=\/wp\/v2\/types\/post"}],"author":[{"embeddable":true,"href":"https:\/\/partediario.com.ar\/index.php?rest_route=\/wp\/v2\/users\/2"}],"replies":[{"embeddable":true,"href":"https:\/\/partediario.com.ar\/index.php?rest_route=%2Fwp%2Fv2%2Fcomments&post=3589"}],"version-history":[{"count":1,"href":"https:\/\/partediario.com.ar\/index.php?rest_route=\/wp\/v2\/posts\/3589\/revisions"}],"predecessor-version":[{"id":3593,"href":"https:\/\/partediario.com.ar\/index.php?rest_route=\/wp\/v2\/posts\/3589\/revisions\/3593"}],"wp:featuredmedia":[{"embeddable":true,"href":"https:\/\/partediario.com.ar\/index.php?rest_route=\/wp\/v2\/media\/3592"}],"wp:attachment":[{"href":"https:\/\/partediario.com.ar\/index.php?rest_route=%2Fwp%2Fv2%2Fmedia&parent=3589"}],"wp:term":[{"taxonomy":"category","embeddable":true,"href":"https:\/\/partediario.com.ar\/index.php?rest_route=%2Fwp%2Fv2%2Fcategories&post=3589"},{"taxonomy":"post_tag","embeddable":true,"href":"https:\/\/partediario.com.ar\/index.php?rest_route=%2Fwp%2Fv2%2Ftags&post=3589"}],"curies":[{"name":"wp","href":"https:\/\/api.w.org\/{rel}","templated":true}]}}