{"id":3597,"date":"2024-06-28T20:11:41","date_gmt":"2024-06-28T23:11:41","guid":{"rendered":"https:\/\/partediario.com.ar\/?p=3597"},"modified":"2024-06-28T22:00:23","modified_gmt":"2024-06-29T01:00:23","slug":"desaparicion-de-loan-la-dudosa-foto-con-la-que-tratan-de-sostener-la-teoria-del-naranjal","status":"publish","type":"post","link":"https:\/\/partediario.com.ar\/?p=3597","title":{"rendered":"Desaparici\u00f3n de Loan: la dudosa foto con la que tratan de sostener la teor\u00eda del naranjal"},"content":{"rendered":"\n<p><strong>Camila, la prima del menor desaparecido en Corrientes, hab\u00eda anunciado d\u00edas atr\u00e1s que aport\u00f3 esa prueba a la Justicia.<\/strong><\/p>\n\n\n\n<p>Camila, una de las primas de Loan Pe\u00f1a presentes en el \u00faltimo almuerzo precio a la desaparici\u00f3n del menor en 9 de Julio, Corrientes, se\u00f1al\u00f3 haber presentado una foto como prueba ante la Justicia. Con la misma buscan demostrar que el ni\u00f1o de 5 a\u00f1os fue parte de la ida hacia el naranjal, una de las hip\u00f3tesis que hab\u00eda sido descartada.<\/p>\n\n\n\n<p>En la foto aportada se puede ver, de espaldas, a una de las detenidas de la causa junto a Laudelina Pe\u00f1a, t\u00eda del menor. M\u00f3nica del Carmen Millapi, a la derecha de la imagen, va camino hacia el naranjal. Un poco m\u00e1s all\u00e1 se ve un grupo de ni\u00f1os caminando hacia el sector donde habr\u00eda desaparecido Loan Pe\u00f1a.<\/p>\n\n\n\n<p>\u00abSale del jard\u00edn y va con los chicos, yo los acompa\u00f1\u00e9 hasta mitad de camino, hasta la tranquera. \u00c9l iba jugando con los dem\u00e1s chicos. Mi nena es la \u00faltima en salir, me dijo &#8216;mami, esperame porque no puedo atar mis cordones&#8217;. Yo quedo en la tranquera y Loan queda adelante\u00bb, fue la declaraci\u00f3n que hizo Camila el d\u00eda que rompi\u00f3 el silencio.<\/p>\n\n\n\n<p>Y a\u00f1adi\u00f3, sobre el momento en que le consult\u00f3 a su hija por Loan: \u00abLleg\u00f3 con su naranjita pelada de un lado y en la otra manito ten\u00eda otra naranja\u00bb.<\/p>\n\n\n\n<p>Consultada sobre la reuni\u00f3n en la casa de la abuela del menor, dijo que fue un \u00abalmuerzo muy normal y tranquilo, como siempre\u00bb.<\/p>\n\n\n\n<p>\u00abEs todo muy raro\u00bb, se\u00f1al\u00f3 sobre la desaparici\u00f3n del ni\u00f1o. Y acot\u00f3 en ese momento: \u00abLo llam\u00e9, pero nunca respondi\u00f3. Todos queremos que aparezca\u00bb.<\/p>\n\n\n\n<p class=\"has-vivid-red-color has-text-color has-link-color wp-elements-cf0b449ccf7bd22aa83f9d5fa6d3a349\"><strong>La foto aportada no sit\u00faa a Loan en el lugar y desde la Justicia aclaran que es imposible saber si el menor fue parte de la excursi\u00f3n al naranjal.<\/strong><\/p>\n\n\n\n<p>Por el caso ya hay seis detenidos: la exfuncionaria municipal Mar\u00eda Victoria Caillava se encuentra alojada en la Unidad 7 de Salta; el excapit\u00e1n de la Armada Argentina Carlos P\u00e9rez, el t\u00edo del menor Antonio Ben\u00edtez, el comisario Walter Maciel y M\u00f3nica Millapi se encuentran en el Complejo 3 de G\u00fcemes, tambi\u00e9n en Salta; en tanto, Daniel \u00abfierrito\u00bb Ram\u00edrez fue derivado a la Unidad N\u00b07 de Chaco.<\/p>\n","protected":false},"excerpt":{"rendered":"<p>Camila, la prima del menor desaparecido en Corrientes, hab&iacute;a anunciado d&iacute;as atr&aacute;s que aport&oacute; esa prueba a la Justicia. Camila, una de las primas de Loan Pe&ntilde;a presentes en el &uacute;ltimo almuerzo precio a la desaparici&oacute;n del menor en 9 de Julio, Corrientes, se&ntilde;al&oacute; haber presentado una foto como prueba ante la Justicia. Con la [&hellip;]<\/p>\n","protected":false},"author":2,"featured_media":3598,"comment_status":"open","ping_status":"open","sticky":false,"template":"","format":"standard","meta":{"footnotes":""},"categories":[979,5,7],"tags":[1261,1259,448,647,1263,489,1262,1260],"class_list":["post-3597","post","type-post","status-publish","format-standard","has-post-thumbnail","hentry","category-judiciales","category-nacionales","category-policiales","tag-camila","tag-clave","tag-corrientes","tag-foto","tag-laudelina-pena","tag-loan-danilo-pena","tag-monica-del-carmen-millapi","tag-naranjal"],"_links":{"self":[{"href":"https:\/\/partediario.com.ar\/index.php?rest_route=\/wp\/v2\/posts\/3597","targetHints":{"allow":["GET"]}}],"collection":[{"href":"https:\/\/partediario.com.ar\/index.php?rest_route=\/wp\/v2\/posts"}],"about":[{"href":"https:\/\/partediario.com.ar\/index.php?rest_route=\/wp\/v2\/types\/post"}],"author":[{"embeddable":true,"href":"https:\/\/partediario.com.ar\/index.php?rest_route=\/wp\/v2\/users\/2"}],"replies":[{"embeddable":true,"href":"https:\/\/partediario.com.ar\/index.php?rest_route=%2Fwp%2Fv2%2Fcomments&post=3597"}],"version-history":[{"count":1,"href":"https:\/\/partediario.com.ar\/index.php?rest_route=\/wp\/v2\/posts\/3597\/revisions"}],"predecessor-version":[{"id":3599,"href":"https:\/\/partediario.com.ar\/index.php?rest_route=\/wp\/v2\/posts\/3597\/revisions\/3599"}],"wp:featuredmedia":[{"embeddable":true,"href":"https:\/\/partediario.com.ar\/index.php?rest_route=\/wp\/v2\/media\/3598"}],"wp:attachment":[{"href":"https:\/\/partediario.com.ar\/index.php?rest_route=%2Fwp%2Fv2%2Fmedia&parent=3597"}],"wp:term":[{"taxonomy":"category","embeddable":true,"href":"https:\/\/partediario.com.ar\/index.php?rest_route=%2Fwp%2Fv2%2Fcategories&post=3597"},{"taxonomy":"post_tag","embeddable":true,"href":"https:\/\/partediario.com.ar\/index.php?rest_route=%2Fwp%2Fv2%2Ftags&post=3597"}],"curies":[{"name":"wp","href":"https:\/\/api.w.org\/{rel}","templated":true}]}}