{"id":3604,"date":"2024-06-28T22:14:30","date_gmt":"2024-06-29T01:14:30","guid":{"rendered":"https:\/\/partediario.com.ar\/?p=3604"},"modified":"2024-06-28T22:14:31","modified_gmt":"2024-06-29T01:14:31","slug":"no-vamos-a-mentirle-a-la-gente-dandole-cosas-que-no-hay-senalo-milei","status":"publish","type":"post","link":"https:\/\/partediario.com.ar\/?p=3604","title":{"rendered":"\u201cNo vamos a mentirle a la gente d\u00e1ndole cosas que no hay\u00bb, se\u00f1al\u00f3 Milei"},"content":{"rendered":"\n<p><strong>Sin el bono de junio, cerca de 5 millones de jubilados no llegaban a reunir los ingresos necesarios para cubrir la canasta b\u00e1sica total, esto significa, el monto que una persona necesita para no ser considerada pobre.<\/strong><\/p>\n\n\n\n<p>Con los festejos por la aprobaci\u00f3n definitiva de la Ley Bases, el presidente Javier Milei puso en duda este viernes el pr\u00f3ximo pago del bono con el que el gobierno viene compensando de manera mensual el bajo monto de las jubilaciones m\u00ednimas. La posibilidad de quitar el bono sujeto a los resultados fiscales agudiza lo que en los hechos vienen sufriendo los y las jubiladas, que son los principales perjudicados por la pol\u00edtica de ajuste liberal, al explicar un 31,5 por ciento del recorte del gasto que celebra el gobierno nacional. Primero los n\u00fameros, despu\u00e9s la gente.<\/p>\n\n\n\n<p>\u201cEl bono es discrecional. Solo habr\u00e1 bonos en funci\u00f3n de c\u00f3mo viene la situaci\u00f3n y c\u00f3mo vienen los n\u00fameros fiscales\u201d, indic\u00f3 el Presidente durante una entrevista televisiva en su primera aparici\u00f3n p\u00fablica tras la votaci\u00f3n. \u201cNo vamos a mentirle a la gente d\u00e1ndole cosas que no hay. Eso terminaba siendo emisi\u00f3n monetaria\u201d, a\u00f1adi\u00f3.<\/p>\n\n\n\n<p>El otorgamiento de los bonos que complementan el ingreso de la jubilaci\u00f3n m\u00ednima comenz\u00f3 en 2021 y continu\u00f3 de manera ininterrumpida incluso despu\u00e9s del cambio de gesti\u00f3n, con el objetivo de compensar los resultados de la err\u00e1tica f\u00f3rmula previsional. En junio, la jubilaci\u00f3n m\u00ednima sin bono fue de 206.931 pesos. Aunque reducido, sin los 70.000 pesos complementarios, alrededor de 5 millones de jubilados y jubiladas que cobran la m\u00ednima no hubieran llegado a reunir los ingresos necesarios para cubrir la canasta b\u00e1sica total, es decir el monto que una persona necesita para no ser considerada pobre.<\/p>\n\n\n\n<p>Vocaci\u00f3n fiscal<\/p>\n\n\n\n<p>\u00abN\u00e9stor Kirchner estar\u00eda orgulloso del gobierno de Javier Milei\u00bb, apunt\u00f3 sin miramientos el vocero presidencial en una de sus \u00faltimas conferencias de prensa. La vocaci\u00f3n fiscal de Kirchner, sin embargo, estaba permanentemente fiscalizada por la situaci\u00f3n social, para que los n\u00fameros cierren \u00abcon la gente adentro\u00bb.<\/p>\n\n\n\n<p>No es el esp\u00edritu del plan presidencial, que festeja mes a mes los n\u00fameros de super\u00e1vit fiscal y financiero, sin atenerse a las consecuencias sociales. Es que m\u00e1s de la mitad del ajuste del gasto celebrado por el gobierno se explica por la licuaci\u00f3n de las jubilaciones y el freno a la obra p\u00fablica. Seg\u00fan el \u00faltimo informe fiscal que public\u00f3 en mayo el Centro de Econom\u00eda Pol\u00edtica (CEPA), el recorte en las jubilaciones aport\u00f3 un 31,5 por ciento del ajuste total del gasto de estos cinco meses. El segundo lugar en relevancia lo ocupa la obra p\u00fablica con 23,2 por ciento. Le siguen los subsidios, que aportaron 12,8 por ciento; luego gastos de funcionamiento del Estado (principalmente salarios) con 10,7 por ciento y prestaciones sociales con 9,4 por ciento entre las que se incluyen asignaciones, pensiones no contributivas, prestaciones del PAMI, entre otros.<\/p>\n\n\n\n<p>La contracara de esos porcentajes que analizan los ingresos y gastos del Sector P\u00fabico Nacional, son los bolsillos de las y los jubilados. De acuerdo al economista Nadin Arga\u00f1araz hasta abril, los jubilados que cobran la m\u00ednima tuvieron una p\u00e9rdida del 24 por ciento en sus haberes, y el resto del 37 por ciento. Solo en cuatro meses, el guarismo fue similar a la p\u00e9rdida que sufrieron las jubilaciones m\u00ednimas durante los cuatro a\u00f1os de Mauricio Macri, de aproximadamente 20 por ciento. Durante la gesti\u00f3n de Alberto Fern\u00e1ndez las jubilaciones m\u00ednimas cayeron, en promedio, un 2 por ciento real, aunque los haberes superiores tuvieron una mayor caida, de entre 25 y hasta 35 por ciento en el caso de las jubilaciones m\u00e1s altas.<\/p>\n\n\n\n<p>En los \u00faltimos dos meses, las jubilaciones m\u00ednimas reales se recuperaron de esta brutal ca\u00edda. En junio de 2024, \u00faltimo mes con datos disponibles, la ca\u00edda se redujo a 9 por ciento en relaci\u00f3n a diciembre del 2023. Igualmente, las jubilaciones m\u00ednimas con bonos siguen un 26 por ciento abajo de las de 2017 y el resto de haberes un 43 por ciento abajo de 2017, el a\u00f1o en el que comenz\u00f3 la decadencia de los haberes.<\/p>\n\n\n\n<p><strong>Mensaje al Senado<\/strong><\/p>\n\n\n\n<p>El mensaje de Javier Milei no puede ser descontextualizado de la tensi\u00f3n que le gener\u00f3 el tratamiento que el Senado tiene pendiente del proyecto de ley que propone una nueva f\u00f3rmula de movilidad jubilatoria. La C\u00e1mara de Diputados la aprob\u00f3 a principios de junio, motivo por el que el presidente los llam\u00f3 \u00abdegenerados fiscales\u00bb, a pesar de que seg\u00fan el diputado Carlos Heller, la actualizaci\u00f3n de los ingresos previsionales generar\u00eda un costo fiscal de alrededor del 0,4 por ciento del PIB.<\/p>\n\n\n\n<p>La f\u00f3rmula que propone la nueva ley es similar a la que rige actualmente a partir del DNU que el gobierno public\u00f3 en marzo del 2024, dado que las prestaciones se actualizar\u00edan de forma mensual a partir del \u00faltimo dato publicado de inflaci\u00f3n, con un un pago extra compensatorio de 8,1 por ciento a aplicarse desde el mes de abril, para alcanzar el 20,6 por ciento de la inflaci\u00f3n de enero &#8211; el gobierno hab\u00eda dado s\u00f3lo un 12,5 por ciento aplicando su \u00edndice-. Tambi\u00e9n propone un aumento anual en marzo de cada a\u00f1o del 50 por ciento de la variaci\u00f3n anual de los salarios (RIPTE) por sobre la variaci\u00f3n del IPC, siempre y cuando esta diferencia haya sido positiva. Pero la verdadera novedad es que el proyecto establece un piso para los haberes m\u00ednimos equivalente a 1,09 veces el valor de la canasta b\u00e1sica total por adulto equivalente.<\/p>\n\n\n\n<p>\u201cLes dejo este tweet para que le quede claro a todo el mundo: no voy a entregar el equilibrio fiscal de ning\u00fan modo. Defender\u00e9 la caja a veto puro si es necesario\u201d, anticip\u00f3 Milei pocas horas despu\u00e9s de la media sanci\u00f3n en diputados.<\/p>\n","protected":false},"excerpt":{"rendered":"<p>Sin el bono de junio, cerca de 5 millones de jubilados no llegaban a reunir los ingresos necesarios para cubrir la canasta b&aacute;sica total, esto significa, el monto que una persona necesita para no ser considerada pobre. Con los festejos por la aprobaci&oacute;n definitiva de la Ley Bases, el presidente Javier Milei puso en duda [&hellip;]<\/p>\n","protected":false},"author":2,"featured_media":3605,"comment_status":"open","ping_status":"open","sticky":false,"template":"","format":"standard","meta":{"footnotes":""},"categories":[5,176,726],"tags":[1266,232,1264,223],"class_list":["post-3604","post","type-post","status-publish","format-standard","has-post-thumbnail","hentry","category-nacionales","category-politica","category-sociedad","tag-bono","tag-javier-milei","tag-jubilados","tag-ley-bases"],"_links":{"self":[{"href":"https:\/\/partediario.com.ar\/index.php?rest_route=\/wp\/v2\/posts\/3604","targetHints":{"allow":["GET"]}}],"collection":[{"href":"https:\/\/partediario.com.ar\/index.php?rest_route=\/wp\/v2\/posts"}],"about":[{"href":"https:\/\/partediario.com.ar\/index.php?rest_route=\/wp\/v2\/types\/post"}],"author":[{"embeddable":true,"href":"https:\/\/partediario.com.ar\/index.php?rest_route=\/wp\/v2\/users\/2"}],"replies":[{"embeddable":true,"href":"https:\/\/partediario.com.ar\/index.php?rest_route=%2Fwp%2Fv2%2Fcomments&post=3604"}],"version-history":[{"count":1,"href":"https:\/\/partediario.com.ar\/index.php?rest_route=\/wp\/v2\/posts\/3604\/revisions"}],"predecessor-version":[{"id":3606,"href":"https:\/\/partediario.com.ar\/index.php?rest_route=\/wp\/v2\/posts\/3604\/revisions\/3606"}],"wp:featuredmedia":[{"embeddable":true,"href":"https:\/\/partediario.com.ar\/index.php?rest_route=\/wp\/v2\/media\/3605"}],"wp:attachment":[{"href":"https:\/\/partediario.com.ar\/index.php?rest_route=%2Fwp%2Fv2%2Fmedia&parent=3604"}],"wp:term":[{"taxonomy":"category","embeddable":true,"href":"https:\/\/partediario.com.ar\/index.php?rest_route=%2Fwp%2Fv2%2Fcategories&post=3604"},{"taxonomy":"post_tag","embeddable":true,"href":"https:\/\/partediario.com.ar\/index.php?rest_route=%2Fwp%2Fv2%2Ftags&post=3604"}],"curies":[{"name":"wp","href":"https:\/\/api.w.org\/{rel}","templated":true}]}}