{"id":3610,"date":"2024-06-28T22:36:08","date_gmt":"2024-06-29T01:36:08","guid":{"rendered":"https:\/\/partediario.com.ar\/?p=3610"},"modified":"2024-06-28T22:36:08","modified_gmt":"2024-06-29T01:36:08","slug":"el-gobierno-propone-bajar-la-edad-de-imputabilidad-a-13-anos","status":"publish","type":"post","link":"https:\/\/partediario.com.ar\/?p=3610","title":{"rendered":"El Gobierno propone bajar la edad de imputabilidad a 13 a\u00f1os"},"content":{"rendered":"\n<p><strong>El Ejecutivo enviar\u00e1 un proyecto en el Congreso para reducir la edad de imputabilidad de 16 a 13 a\u00f1os. Patricia Bullrich y Mariano C\u00faneo Libarona llevaron a cabo una conferencia de prensa para brindar m\u00e1s detalles.<\/strong><\/p>\n\n\n\n<p>Los ministros de Seguridad y Justicia, Patricia Bullrich y Mariano C\u00faneo Libarona, presentaron el proyecto del nuevo R\u00e9gimen Penal Juvenil, que el Gobierno Nacional enviar\u00e1 al Congreso, el cual comprender\u00e1 a los adolescentes entre 13 y 18 a\u00f1os imputados por un hecho tipificado como delito en el C\u00f3digo Penal.<\/p>\n\n\n\n<p>Fueron parte de la conferencia adem\u00e1s el viceministro de Justicia de la Naci\u00f3n, Sebasti\u00e1n Amerio, el jefe de gabinete del ministerio de Seguridad, Carlos Manfroni, y el Director Nacional de Normativa y Enlace Judicial, Fernando Soto.<\/p>\n\n\n\n<p><\/p>\n\n\n\n<figure class=\"wp-block-image size-full\"><img loading=\"lazy\" decoding=\"async\" width=\"730\" height=\"486\" src=\"https:\/\/partediario.com.ar\/wp-content\/uploads\/whatsapp-image-2024-06-28-at-151607-2jpeg.webp\" alt=\"\" class=\"wp-image-3611\" srcset=\"https:\/\/partediario.com.ar\/wp-content\/uploads\/whatsapp-image-2024-06-28-at-151607-2jpeg.webp 730w, https:\/\/partediario.com.ar\/wp-content\/uploads\/whatsapp-image-2024-06-28-at-151607-2jpeg-300x200.webp 300w\" sizes=\"auto, (max-width: 730px) 100vw, 730px\" \/><\/figure>\n\n\n\n<p><\/p>\n\n\n\n<p>\u00bfQu\u00e9 prev\u00e9 la iniciativa que presentar\u00e1 el Gobierno?<\/p>\n\n\n\n<p>La reforma que plantea el Gobierno Nacional est\u00e1 basado en cuatro aspectos principales. El primero de ellos es \u00abla modernizaci\u00f3n y adecuaci\u00f3n de la legislaci\u00f3n a la realidad presente, producto de los acelerados cambios sociales, de los que los j\u00f3venes no est\u00e1n exentos en cuanto a la actuaci\u00f3n y comprensi\u00f3n de la criminalidad de los actos\u00bb<\/p>\n\n\n\n<p>El segundo eje es el desfasaje normativo con respecto a otros pa\u00edses de la regi\u00f3n, amparado en que en Bolivia, Chile, Colombia, Paraguay, Per\u00fa la edad de imputabilidad es a los 14 mientras que en Brasil es a los 12.<\/p>\n\n\n\n<p>El tercero de los aspectos de la nueva reforma es \u00abla protecci\u00f3n de los ni\u00f1os y j\u00f3venes, amparados en la Convenci\u00f3n de los Derechos del Ni\u00f1o, con jerarqu\u00eda constitucional en nuestro pa\u00eds\u00bb, la cual establece que los adolescentes tienen derechos especiales que deben ser protegidos y respetados en todo momento, \u00abincluido el derecho a ser tratados de manera justa y equitativa en el sistema de justicia penal\u00bb.<\/p>\n\n\n\n<p>Finalizando, se hizo hincapi\u00e9 en \u00abla necesidad de ampliar las herramientas con las que cuenta el Estado para reducir la incidencia de la criminalidad juvenil en la sociedad\u00bb.<\/p>\n\n\n\n<p>\u00abVenimos a cumplir con una obligaci\u00f3n de nuestra sociedad. Nuestra sociedad no quiere tener impunidad. No quiere que a sus hijos o a sus padres los maten y no quiere que quien comete un delito no tenga ninguna consecuencia\u00bb, afirm\u00f3 Patricia Bullrich.<\/p>\n\n\n\n<p>Mariano C\u00faneo Libarona, por su parte, indic\u00f3: \u201cTodos los d\u00edas los argentinos de bien padecemos delitos cometidos por menores que quedan impunes. No podemos permitirlo. Vamos a darle las herramientas estructurales a los jueces para que puedan encarcelar a quienes delinquen\u201d.<\/p>\n\n\n\n<p>\u201cEsto es importante porque el medio ambiente de ese menor es lo que lo lleva a volver a cometer delitos. Nosotros lo tenemos que extraer de esa situaci\u00f3n para que no siga en la carrera delictiva\u201d, destac\u00f3 tambi\u00e9n la ministra de Seguridad.<\/p>\n\n\n\n<p>Las caracter\u00edsticas del proyecto presentado por Patricia Bullrich y Mariano C\u00faneo Libarona<\/p>\n\n\n\n<p><strong>El Gobierno explic\u00f3 que la ley estar\u00e1 basada en los siguientes aspectos y definiciones:<\/strong><\/p>\n\n\n\n<p><strong>PRIVACI\u00d3N DE LA LIBERTAD<\/strong>: En establecimientos especiales o secciones separadas de los establecimientos penitenciarios, bajo la direcci\u00f3n de personal id\u00f3neo.<\/p>\n\n\n\n<p><strong>COMUNICACI\u00d3N A LOS PADRES<\/strong>: De la imputaci\u00f3n y dem\u00e1s actos procesales.<\/p>\n\n\n\n<p><strong>PROTECCI\u00d3N A LA V\u00cdCTIMA<\/strong>: El juez y el Ministerio P\u00fablico Fiscal velar\u00e1n en todo momento por la tutela efectiva de los derechos de las v\u00edctimas.<\/p>\n\n\n\n<p><strong>CONDENACI\u00d3N CONDICIONAL<\/strong>: Si se impone condena condicional, se deben aplicar conjuntamente medidas complementarias, tales como asesoramiento y orientaci\u00f3n, asistencia a programas educativos, formaci\u00f3n ciudadana, capacitaci\u00f3n laboral, concurrencia a los servicios de salud, tratamiento m\u00e9dico o psicol\u00f3gico, obligaci\u00f3n de buscar y, en lo posible, obtener un trabajo, concurrencia al tribunal, prohibici\u00f3n del consumo de bebidas alcoh\u00f3licas y estupefacientes.<\/p>\n\n\n\n<p><strong>PENAS DE TRES (3) A SEIS (6) A\u00d1OS<\/strong>: Siempre que no haya existido muerte de la v\u00edctima, grave violencia f\u00edsica o ps\u00edquica sobre las personas, no haya lesiones grav\u00edsimas en delitos culposos y no se registren otros procesos o condenas, la pena podr\u00e1 reemplazarse por: amonestaci\u00f3n, prohibici\u00f3n de aproximarse a la v\u00edctima o sus familiares, prohibici\u00f3n de conducir veh\u00edculos, prohibici\u00f3n de concurrir a determinados lugares (establecimientos de espect\u00e1culos o deportivos, p.ej.), prohibici\u00f3n de salir del pa\u00eds o de un \u00e1mbito territorial, prestaci\u00f3n de servicios a la comunidad, monitoreo electr\u00f3nico.<\/p>\n\n\n\n<p><strong>CONTROL DE CUMPLIMIENTO<\/strong>: El cumplimiento de las penas deber\u00e1 ser verificado por el juez o el fiscal. Tambi\u00e9n por la v\u00edctima, si as\u00ed lo desea.<\/p>\n\n\n\n<p><strong>M\u00c1XIMO DE PENAS<\/strong>: 20 a\u00f1os. Al cumplir 2\/3, el tribunal podr\u00e1 disponer que se contin\u00fae con algunas de las medidas alternativas.<\/p>\n\n\n\n<p><strong>INCUMPLIMIENTO DE LA PENA<\/strong>: Ante el incumplimiento injustificado de una pena alternativa, el juez la sustituir\u00e1 por otra m\u00e1s severa.<\/p>\n\n\n\n<p><strong>SUPERVISOR<\/strong>: El juez designar\u00e1 un supervisor para el seguimiento del menor, quien mantendr\u00e1 entrevistas regulares con el adolescente imputado, elaborar\u00e1 informes y procurar\u00e1 resolver sus problemas de salud.<\/p>\n\n\n\n<p><strong>INIMPUTABILIDAD<\/strong>: En los casos de menores no imputables (p.ej., menos de 13 a\u00f1os), el juez de todos modos investigar\u00e1 la existencia y circunstancias de un hecho il\u00edcito y la presunta intervenci\u00f3n de terceras personas. En estos casos, el juez realizar\u00e1 un peritaje psicol\u00f3gico, un informe ambiental y dar\u00e1 intervenci\u00f3n a otros organismos. Ante el riesgo de que el menor incurra en nuevos delitos, tambi\u00e9n podr\u00e1 ordenar su internaci\u00f3n para su readaptaci\u00f3n social.<\/p>\n\n\n\n<p><strong>DILACI\u00d3N DEL PROCESO<\/strong>: La dilaci\u00f3n injustificada del proceso har\u00e1 incurrir al juez en falta grave.<\/p>\n\n\n\n<p><strong>V\u00cdCTIMAS<\/strong>: Recibir\u00e1n atenci\u00f3n psicol\u00f3gica y patrocinio gratuito.<\/p>\n\n\n\n<p><strong>CRITERIO DE OPORTUNIDAD<\/strong>: El fiscal podr\u00e1 prescindir total o parcialmente de la acci\u00f3n penal si el delito tuviera prevista una pena inferior a seis (6) a\u00f1os y no concurrieran otras circunstancias, como la muerte de la v\u00edctima, lesiones grav\u00edsimas, existencia de otros procesos, etc.<\/p>\n\n\n\n<p><strong>MEDIACI\u00d3N<\/strong>: Cuando el delito tuviera una pena prevista inferior a seis (6) a\u00f1os, podr\u00e1 iniciarse un proceso de mediaci\u00f3n penal con la v\u00edctima o sus representantes.<\/p>\n\n\n\n<p><strong>PROBATION<\/strong>: En las condiciones previstas para todos los casos, para penas que no excedan de tres (3) a\u00f1os. Si las condiciones fueran incumplidas, el juez dispondr\u00e1 que se contin\u00fae el proceso sin computar el tiempo transcurrido.<\/p>\n\n\n\n<p><strong>El Gobierno precis\u00f3 c\u00f3mo ser\u00e1 la nueva Ley Penal Juvenil<\/strong><\/p>\n\n\n\n<p>Desde el Gobierno anunciaron la presentaci\u00f3n de la nueva Ley Penal Juvenil, la cual ser\u00e1 enviada al Congreso de la Naci\u00f3n por Patricia Bullrich y Mariano C\u00faneo Libarona.<\/p>\n\n\n\n<p>\u00abSe le brindar\u00e1n las herramientas al sistema judicial para terminar con la doctrina que beneficia a los delincuentes en perjuicio de las v\u00edctimas. Es nuestro deber actualizar la normativa vigente para terminar con la inseguridad que sufren los argentinos de bien. Las administraciones anteriores y la Justicia han dejado una gran deuda con la sociedad. La ley que rige actualmente es de la d\u00e9cada del \u201880. La juventud de hoy no es comparable a la de hace m\u00e1s de cuatro d\u00e9cadas\u00bb, explicaron desde el Poder Ejecutivo.<\/p>\n\n\n\n<p>En esa l\u00ednea, indicaron que la nueva ley \u00abcombatir\u00e1 el persistente crecimiento de la criminalidad juvenil, uno de los mayores desaf\u00edos para la prosperidad de nuestra naci\u00f3n. Es de p\u00fablico conocimiento que el crimen organizado se aprovecha de ni\u00f1os y adolescentes para delinquir sin restricciones, evadiendo as\u00ed la responsabilidad penal\u00bb.<\/p>\n\n\n\n<p>\u00abNuestro compromiso es proteger la vida, la libertad y la propiedad de los argentinos. Los criminales ya no podr\u00e1n valerse de menores como medio para violar la ley. Quien tenga la osad\u00eda de empu\u00f1ar un arma y arrebatar una vida, debe enfrentar la ley y la justicia\u00bb, a\u00f1adieron desde el Gobierno.<\/p>\n","protected":false},"excerpt":{"rendered":"<p>El Ejecutivo enviar&aacute; un proyecto en el Congreso para reducir la edad de imputabilidad de 16 a 13 a&ntilde;os. Patricia Bullrich y Mariano C&uacute;neo Libarona llevaron a cabo una conferencia de prensa para brindar m&aacute;s detalles. Los ministros de Seguridad y Justicia, Patricia Bullrich y Mariano C&uacute;neo Libarona, presentaron el proyecto del nuevo R&eacute;gimen Penal [&hellip;]<\/p>\n","protected":false},"author":2,"featured_media":3612,"comment_status":"open","ping_status":"open","sticky":false,"template":"","format":"standard","meta":{"footnotes":""},"categories":[979,5,176],"tags":[1269,1272,1273,1268,232,1270,510,1271],"class_list":["post-3610","post","type-post","status-publish","format-standard","has-post-thumbnail","hentry","category-judiciales","category-nacionales","category-politica","tag-13-anos","tag-carlos-manfroni","tag-fernando-soto","tag-imputabilidad","tag-javier-milei","tag-mariano-cuneo-libarona","tag-patricia-bullrich","tag-sebastian-amerio"],"_links":{"self":[{"href":"https:\/\/partediario.com.ar\/index.php?rest_route=\/wp\/v2\/posts\/3610","targetHints":{"allow":["GET"]}}],"collection":[{"href":"https:\/\/partediario.com.ar\/index.php?rest_route=\/wp\/v2\/posts"}],"about":[{"href":"https:\/\/partediario.com.ar\/index.php?rest_route=\/wp\/v2\/types\/post"}],"author":[{"embeddable":true,"href":"https:\/\/partediario.com.ar\/index.php?rest_route=\/wp\/v2\/users\/2"}],"replies":[{"embeddable":true,"href":"https:\/\/partediario.com.ar\/index.php?rest_route=%2Fwp%2Fv2%2Fcomments&post=3610"}],"version-history":[{"count":1,"href":"https:\/\/partediario.com.ar\/index.php?rest_route=\/wp\/v2\/posts\/3610\/revisions"}],"predecessor-version":[{"id":3613,"href":"https:\/\/partediario.com.ar\/index.php?rest_route=\/wp\/v2\/posts\/3610\/revisions\/3613"}],"wp:featuredmedia":[{"embeddable":true,"href":"https:\/\/partediario.com.ar\/index.php?rest_route=\/wp\/v2\/media\/3612"}],"wp:attachment":[{"href":"https:\/\/partediario.com.ar\/index.php?rest_route=%2Fwp%2Fv2%2Fmedia&parent=3610"}],"wp:term":[{"taxonomy":"category","embeddable":true,"href":"https:\/\/partediario.com.ar\/index.php?rest_route=%2Fwp%2Fv2%2Fcategories&post=3610"},{"taxonomy":"post_tag","embeddable":true,"href":"https:\/\/partediario.com.ar\/index.php?rest_route=%2Fwp%2Fv2%2Ftags&post=3610"}],"curies":[{"name":"wp","href":"https:\/\/api.w.org\/{rel}","templated":true}]}}