{"id":3616,"date":"2024-06-29T08:44:11","date_gmt":"2024-06-29T11:44:11","guid":{"rendered":"https:\/\/partediario.com.ar\/?p=3616"},"modified":"2024-06-29T08:44:16","modified_gmt":"2024-06-29T11:44:16","slug":"clima-en-entre-rios-fin-de-semana-con-cielo-despejado-pero-mucho-frio","status":"publish","type":"post","link":"https:\/\/partediario.com.ar\/?p=3616","title":{"rendered":"Clima en Entre R\u00edos: fin de semana con cielo despejado pero mucho fr\u00edo"},"content":{"rendered":"\n<p><strong>Seg\u00fan el Servicio Meteorol\u00f3gico Nacional (SMN), se espera otra semana con bajas temperaturas, con temperaturas promedios de entre 5 grados de m\u00ednima, y 14 grados, de m\u00e1xima.<\/strong><\/p>\n\n\n\n<p>El SMN pronostica bajas temperaturas y fr\u00edo intenso para la semana que inicia con promedios de entre 5 grados de m\u00ednima, y 14 grados, de m\u00e1xima.<\/p>\n\n\n\n<p>Este s\u00e1bado el cielo estar\u00e1 despejado por la ma\u00f1ana, y algo nublado por la tarde y por la noche. Las temperaturas m\u00ednimas rondar\u00e1n los 3 y los 11 grados; los vientos soplar\u00e1n del sur, rotando al sudoeste.<\/p>\n\n\n\n<p>Para ma\u00f1ana domingo se podr\u00edan presentar neblinas matinales. El cielo estar\u00e1 despejado por la tarde y algo nublado por la noche. Las temperaturas promedio se ubicar\u00e1n entre los 2 y los 13 grados y los vientos soplar\u00e1n del sector norte rotando al noroeste y nuevamente al norte.<\/p>\n\n\n\n<p>Mientras que el lunes el cielo se presentar\u00e1 despejado por la ma\u00f1ana y algo nublado por la tarde. Las temperaturas marcar\u00e1n entre 4 y 16 grados, promedio, los vientos soplar\u00e1n del noroeste rotando al sur.<\/p>\n\n\n\n<p>Para el martes se aguarda cielo despejado durante toda la jornada y las marcas t\u00e9rmincas en leve aumento, entre 7 y 16 grados, y vientos del norte.<\/p>\n\n\n\n<p>El mi\u00e9rcoles el term\u00f3metro marcar\u00e1 8 grados de m\u00ednima y 17 de m\u00e1xima; el cielo estar\u00e1 parcialmente nublado durante toda la jornada y los vientos soplar\u00e1n del sur.<\/p>\n\n\n\n<p>Para el jueves se producir\u00e1 un leve descenso de temperatura con 4 y 13 grados, promedio. El cielo estar\u00e1 parcialmente nublado durante toda la jornada y los vientos predominar\u00e1n del sector este, rotando al sudeste.<\/p>\n\n\n\n<p>Mientras que el viernes el cielo tambi\u00e9n permanecer\u00e1 en parcialmente nublado durante todo el d\u00eda y las temperaturas promedio se ubicar\u00e1n entre los 5 los 14 grados. El viento predominar\u00e1 del sudeste rotando al este.<\/p>\n\n\n\n<p><\/p>\n\n\n\n<figure class=\"wp-block-image size-full\"><img loading=\"lazy\" decoding=\"async\" width=\"683\" height=\"557\" src=\"https:\/\/partediario.com.ar\/wp-content\/uploads\/scrnli_29_6_2024_8-31-33.png\" alt=\"\" class=\"wp-image-3617\" srcset=\"https:\/\/partediario.com.ar\/wp-content\/uploads\/scrnli_29_6_2024_8-31-33.png 683w, https:\/\/partediario.com.ar\/wp-content\/uploads\/scrnli_29_6_2024_8-31-33-300x245.png 300w\" sizes=\"auto, (max-width: 683px) 100vw, 683px\" \/><\/figure>\n","protected":false},"excerpt":{"rendered":"<p>Seg&uacute;n el Servicio Meteorol&oacute;gico Nacional (SMN), se espera otra semana con bajas temperaturas, con temperaturas promedios de entre 5 grados de m&iacute;nima, y 14 grados, de m&aacute;xima. El SMN pronostica bajas temperaturas y fr&iacute;o intenso para la semana que inicia con promedios de entre 5 grados de m&iacute;nima, y 14 grados, de m&aacute;xima. Este s&aacute;bado [&hellip;]<\/p>\n","protected":false},"author":2,"featured_media":3618,"comment_status":"open","ping_status":"open","sticky":false,"template":"","format":"standard","meta":{"footnotes":""},"categories":[6,726],"tags":[267,257],"class_list":["post-3616","post","type-post","status-publish","format-standard","has-post-thumbnail","hentry","category-locales","category-sociedad","tag-clima","tag-entre-rios"],"_links":{"self":[{"href":"https:\/\/partediario.com.ar\/index.php?rest_route=\/wp\/v2\/posts\/3616","targetHints":{"allow":["GET"]}}],"collection":[{"href":"https:\/\/partediario.com.ar\/index.php?rest_route=\/wp\/v2\/posts"}],"about":[{"href":"https:\/\/partediario.com.ar\/index.php?rest_route=\/wp\/v2\/types\/post"}],"author":[{"embeddable":true,"href":"https:\/\/partediario.com.ar\/index.php?rest_route=\/wp\/v2\/users\/2"}],"replies":[{"embeddable":true,"href":"https:\/\/partediario.com.ar\/index.php?rest_route=%2Fwp%2Fv2%2Fcomments&post=3616"}],"version-history":[{"count":1,"href":"https:\/\/partediario.com.ar\/index.php?rest_route=\/wp\/v2\/posts\/3616\/revisions"}],"predecessor-version":[{"id":3619,"href":"https:\/\/partediario.com.ar\/index.php?rest_route=\/wp\/v2\/posts\/3616\/revisions\/3619"}],"wp:featuredmedia":[{"embeddable":true,"href":"https:\/\/partediario.com.ar\/index.php?rest_route=\/wp\/v2\/media\/3618"}],"wp:attachment":[{"href":"https:\/\/partediario.com.ar\/index.php?rest_route=%2Fwp%2Fv2%2Fmedia&parent=3616"}],"wp:term":[{"taxonomy":"category","embeddable":true,"href":"https:\/\/partediario.com.ar\/index.php?rest_route=%2Fwp%2Fv2%2Fcategories&post=3616"},{"taxonomy":"post_tag","embeddable":true,"href":"https:\/\/partediario.com.ar\/index.php?rest_route=%2Fwp%2Fv2%2Ftags&post=3616"}],"curies":[{"name":"wp","href":"https:\/\/api.w.org\/{rel}","templated":true}]}}