{"id":3630,"date":"2024-06-29T11:33:14","date_gmt":"2024-06-29T14:33:14","guid":{"rendered":"https:\/\/partediario.com.ar\/?p=3630"},"modified":"2024-06-29T11:33:15","modified_gmt":"2024-06-29T14:33:15","slug":"el-gobierno-nacional-discontinuo-los-contratos-de-alrededor-de-5000-trabajadores-advertencia-de-ate","status":"publish","type":"post","link":"https:\/\/partediario.com.ar\/?p=3630","title":{"rendered":"El Gobierno nacional discontinu\u00f3 los contratos de alrededor de 5000 trabajadores. Advertencia de ATE"},"content":{"rendered":"\n<p><strong>El vocero presidencial, Manuel Adorni, afirm\u00f3 que el Gobierno llevar\u00e1 a cabo el pr\u00f3ximo lunes una nueva ola de despidos dentro del Estado, aunque no brind\u00f3 detalles sobra la cantidad de contratos que no ser\u00e1n renovados.<\/strong><\/p>\n\n\n\n<p>El secretario general de la Asociaci\u00f3n de Trabajadores del Estado (ATE), Rodolfo Aguiar, confirm\u00f3 que comenzaron \u00ablas cesant\u00edas masivas\u00bb y advirti\u00f3 que van a \u00abmultiplicar las protestas\u00bb.<\/p>\n\n\n\n<p>El funcionario de La Libertad Avanza (LLA) hizo referencia en su habitual conferencia de prensa a una nueva \u00abbarrida\u00bb y \u00ablimpieza\u00bb de empleados del Estado:<\/p>\n\n\n\n<p>\u00abEl 30 de junio ser\u00e1 otra barrida y otra limpieza que se le d\u00e9 a ese universo, de todas maneras los que contin\u00faen vigentes tambi\u00e9n ser\u00e1 por un tiempo determinado\u00bb, deastac\u00f3.<\/p>\n\n\n\n<p>Y a\u00f1adi\u00f3: \u00abSe seguir\u00e1 evaluando cada uno de los casos ya que lo estamos haciendo de una manera absolutamente quir\u00fargica para no cometer ning\u00fan tipo de error. El objetivo ac\u00e1 es que nadie se quede sin trabajo, sino que se queden trabajando los que efectivamente tienen una funci\u00f3n v\u00e1lida, \u00fatil y que agregue valor\u201d.<\/p>\n\n\n\n<p>Luego de las declaraciones de Adorni, la cantidad de despidos que se comunicar\u00e1 este lunes podr\u00eda ascender a 5.000 y en su mayor\u00eda ser\u00edan trabajadores provenientes del Ministerio de Capital Humano, cartera encabezada por la funcionaria Sandra Pettovello.<\/p>\n\n\n\n<p>Seg\u00fan estimaciones gremiales, este 30 de junio vencen entre 50.000 y 60.000 contrataciones, muchas de ellas renovadas en marzo pasado por apenas tres meses. Las desvinculaciones apuntar\u00edan a trabajadores con contratos transitorios y de otras nominaciones por fuera de la planta permanente, y tendr\u00eda impacto en ministerios y organismos del Estado.<\/p>\n\n\n\n<p><strong>ATE repudi\u00f3 la convocatoria a paritarias<\/strong><\/p>\n\n\n\n<p>\u00abEl Gobierno convoca el mismo d\u00eda que dice que va a despedir 50 mil trabajadores. Son muy evidentes. Con este llamado no van a evitar las medidas de fuerza contra los despidos\u00bb, apunt\u00f3.<\/p>\n\n\n\n<p>Y acot\u00f3: \u00abPresidente, sepa que a partir del lunes vamos a multiplicar las protestas en todos los organismos. Este es un Gobierno que tiene por costumbre convocar a paritarias sin realizar ofertas. Est\u00e1 claro que quieren dejarnos de nuevo sin incremento en el mes de junio para evitar que tenga impacto en los aguinaldos\u00bb.<\/p>\n\n\n\n<p>Asimismo Aguiar subray\u00f3 que \u00abel deterioro de los salarios acumulado desde el 10 de diciembre en el sector p\u00fablico no tiene precedentes cercanos. Adem\u00e1s de un incremento porcentual, se necesita una suma fija que permita iniciar una r\u00e1pida recuperaci\u00f3n de los ingresos m\u00e1s bajos de la administraci\u00f3n. Estos hachazos a los bolsillos ya no se pueden tolerar. Estamos frente a un escenario de escalada de la conflictividad en el sector p\u00fablico\u00bb.<\/p>\n","protected":false},"excerpt":{"rendered":"<p>El vocero presidencial, Manuel Adorni, afirm&oacute; que el Gobierno llevar&aacute; a cabo el pr&oacute;ximo lunes una nueva ola de despidos dentro del Estado, aunque no brind&oacute; detalles sobra la cantidad de contratos que no ser&aacute;n renovados. El secretario general de la Asociaci&oacute;n de Trabajadores del Estado (ATE), Rodolfo Aguiar, confirm&oacute; que comenzaron &laquo;las cesant&iacute;as masivas&raquo; [&hellip;]<\/p>\n","protected":false},"author":2,"featured_media":3631,"comment_status":"open","ping_status":"open","sticky":false,"template":"","format":"standard","meta":{"footnotes":""},"categories":[978,5,176],"tags":[1278,646,1279],"class_list":["post-3630","post","type-post","status-publish","format-standard","has-post-thumbnail","hentry","category-gremiales","category-nacionales","category-politica","tag-despidos","tag-manuel-adorni","tag-rodolfo-aguiar"],"_links":{"self":[{"href":"https:\/\/partediario.com.ar\/index.php?rest_route=\/wp\/v2\/posts\/3630","targetHints":{"allow":["GET"]}}],"collection":[{"href":"https:\/\/partediario.com.ar\/index.php?rest_route=\/wp\/v2\/posts"}],"about":[{"href":"https:\/\/partediario.com.ar\/index.php?rest_route=\/wp\/v2\/types\/post"}],"author":[{"embeddable":true,"href":"https:\/\/partediario.com.ar\/index.php?rest_route=\/wp\/v2\/users\/2"}],"replies":[{"embeddable":true,"href":"https:\/\/partediario.com.ar\/index.php?rest_route=%2Fwp%2Fv2%2Fcomments&post=3630"}],"version-history":[{"count":1,"href":"https:\/\/partediario.com.ar\/index.php?rest_route=\/wp\/v2\/posts\/3630\/revisions"}],"predecessor-version":[{"id":3632,"href":"https:\/\/partediario.com.ar\/index.php?rest_route=\/wp\/v2\/posts\/3630\/revisions\/3632"}],"wp:featuredmedia":[{"embeddable":true,"href":"https:\/\/partediario.com.ar\/index.php?rest_route=\/wp\/v2\/media\/3631"}],"wp:attachment":[{"href":"https:\/\/partediario.com.ar\/index.php?rest_route=%2Fwp%2Fv2%2Fmedia&parent=3630"}],"wp:term":[{"taxonomy":"category","embeddable":true,"href":"https:\/\/partediario.com.ar\/index.php?rest_route=%2Fwp%2Fv2%2Fcategories&post=3630"},{"taxonomy":"post_tag","embeddable":true,"href":"https:\/\/partediario.com.ar\/index.php?rest_route=%2Fwp%2Fv2%2Ftags&post=3630"}],"curies":[{"name":"wp","href":"https:\/\/api.w.org\/{rel}","templated":true}]}}