{"id":3649,"date":"2024-06-29T14:06:24","date_gmt":"2024-06-29T17:06:24","guid":{"rendered":"https:\/\/partediario.com.ar\/?p=3649"},"modified":"2024-06-29T14:06:29","modified_gmt":"2024-06-29T17:06:29","slug":"lo-atropellaron-confeso-la-tia-de-loan-pena-buscan-el-cuerpo-del-pequeno","status":"publish","type":"post","link":"https:\/\/partediario.com.ar\/?p=3649","title":{"rendered":"\u00abLO ATROPELLARON\u00bb: CONFES\u00d3 LA T\u00cdA DE LOAN PE\u00d1A. BUSCAN EL CUERPO DEL PEQUE\u00d1O"},"content":{"rendered":"\n<h3 class=\"wp-block-heading\">Tras declarar varias horas frente al fiscal, Laudelina, t\u00eda del ni\u00f1o buscado en Corrientes, habr\u00eda informado que al peque\u00f1o lo atropellaron Mar\u00eda Victoria Caillava y Carlos P\u00e9rez, y ahora deber\u00e1 reafirmarlo ante la Justicia Federal.<\/h3>\n\n\n\n<p>El caso por la desaparici\u00f3n de Loan Pe\u00f1a tendr\u00eda un giro dram\u00e1tico tras la declaraci\u00f3n de Laudelina, t\u00eda del menor y pareja de uno de los detenidos. Frente al fiscal provincial, la mujer habr\u00eda informado que al peque\u00f1o lo atropellaron Mar\u00eda Victoria Caillava y Carlos P\u00e9rez.<\/p>\n\n\n\n<p>Seg\u00fan habr\u00eda se\u00f1alado la mujer, en un momento del recorrido \u201csiente el impacto de la camioneta del matrimonio contra algo, que era el ni\u00f1o\u201d. Adem\u00e1s, seg\u00fan trascendi\u00f3 este mediod\u00eda, manifest\u00f3 que le dijeron que lo iban a llevar al hospital, pero que no sabe \u201crealmente qu\u00e9 pas\u00f3 con el cuerpo\u201d.<\/p>\n\n\n\n<p>Y agreg\u00f3 que la ex funcionaria y el excapit\u00e1n de la Armada \u201cestaban muy nerviosos\u201d y subray\u00f3 que tras el accidente y previo a supuestamente ir al hospital, ellos le pidieron que \u201cno diga nada\u201d.<\/p>\n\n\n\n<p>Fuentes del caso se\u00f1alaron que en la declaraci\u00f3n Laudelina habr\u00eda explicado que le entregaron la zapatilla de Loan y el comisario Walter Maciel ser\u00eda quien la plant\u00f3 en la zona rural. Aunque no hay mayores detalles, se cree que el menor pudo haber sido enterrado por el matrimonio.<\/p>\n\n\n\n<p><strong>La confirmaci\u00f3n ante la Justicia provincial<\/strong><\/p>\n\n\n\n<p>Laudelina deber\u00e1 reafirmar su declaraci\u00f3n ante la Justicia Federal. Sin embargo, medios locales destacan que no hay noticias de la mujer desde minutos despu\u00e9s de que termin\u00f3 con su testimonial. \u201cCierra su declaraci\u00f3n porque hubo nuevos rastrillajes en los campos de Caillava y se ordenaron pericias en los veh\u00edculos\u201d. Trascendi\u00f3 que ya se encuentra detenida.<\/p>\n\n\n\n<p>Se destaca que en las primeras pericias con perros en la camioneta y el auto, el resultado fue positivo para el hallazgo de rastros del peque\u00f1o. Se supo adem\u00e1s que la declaraci\u00f3n fue grabada por lo que la transcribir\u00e1n para luego enviarla de manera formal a la Justicia.<\/p>\n","protected":false},"excerpt":{"rendered":"<p>Tras declarar varias horas frente al fiscal, Laudelina, t&iacute;a del ni&ntilde;o buscado en Corrientes, habr&iacute;a informado que al peque&ntilde;o lo atropellaron Mar&iacute;a Victoria Caillava y Carlos P&eacute;rez, y ahora deber&aacute; reafirmarlo ante la Justicia Federal. El caso por la desaparici&oacute;n de Loan Pe&ntilde;a tendr&iacute;a un giro dram&aacute;tico tras la declaraci&oacute;n de Laudelina, t&iacute;a del menor [&hellip;]<\/p>\n","protected":false},"author":2,"featured_media":3650,"comment_status":"open","ping_status":"open","sticky":false,"template":"","format":"standard","meta":{"footnotes":""},"categories":[979,7,8],"tags":[1285,448,1074,489],"class_list":["post-3649","post","type-post","status-publish","format-standard","has-post-thumbnail","hentry","category-judiciales","category-policiales","category-provinciales","tag-atropellado","tag-corrientes","tag-laudelina","tag-loan-danilo-pena"],"_links":{"self":[{"href":"https:\/\/partediario.com.ar\/index.php?rest_route=\/wp\/v2\/posts\/3649","targetHints":{"allow":["GET"]}}],"collection":[{"href":"https:\/\/partediario.com.ar\/index.php?rest_route=\/wp\/v2\/posts"}],"about":[{"href":"https:\/\/partediario.com.ar\/index.php?rest_route=\/wp\/v2\/types\/post"}],"author":[{"embeddable":true,"href":"https:\/\/partediario.com.ar\/index.php?rest_route=\/wp\/v2\/users\/2"}],"replies":[{"embeddable":true,"href":"https:\/\/partediario.com.ar\/index.php?rest_route=%2Fwp%2Fv2%2Fcomments&post=3649"}],"version-history":[{"count":1,"href":"https:\/\/partediario.com.ar\/index.php?rest_route=\/wp\/v2\/posts\/3649\/revisions"}],"predecessor-version":[{"id":3651,"href":"https:\/\/partediario.com.ar\/index.php?rest_route=\/wp\/v2\/posts\/3649\/revisions\/3651"}],"wp:featuredmedia":[{"embeddable":true,"href":"https:\/\/partediario.com.ar\/index.php?rest_route=\/wp\/v2\/media\/3650"}],"wp:attachment":[{"href":"https:\/\/partediario.com.ar\/index.php?rest_route=%2Fwp%2Fv2%2Fmedia&parent=3649"}],"wp:term":[{"taxonomy":"category","embeddable":true,"href":"https:\/\/partediario.com.ar\/index.php?rest_route=%2Fwp%2Fv2%2Fcategories&post=3649"},{"taxonomy":"post_tag","embeddable":true,"href":"https:\/\/partediario.com.ar\/index.php?rest_route=%2Fwp%2Fv2%2Ftags&post=3649"}],"curies":[{"name":"wp","href":"https:\/\/api.w.org\/{rel}","templated":true}]}}