{"id":3710,"date":"2024-06-30T21:36:48","date_gmt":"2024-07-01T00:36:48","guid":{"rendered":"https:\/\/partediario.com.ar\/?p=3710"},"modified":"2024-06-30T21:36:49","modified_gmt":"2024-07-01T00:36:49","slug":"caso-nahir-galarza-la-corte-suprema-no-se-expide-e-invoca-el-art-280-finalmente-decidira-el-tribunal-internacional-de-la-cidh","status":"publish","type":"post","link":"https:\/\/partediario.com.ar\/?p=3710","title":{"rendered":"Caso Nahir Galarza: la Corte Suprema no se expide e invoca el Art. 280, finalmente decidir\u00e1 el Tribunal Internacional de la CIDH"},"content":{"rendered":"\n<p><strong>Tras dos a\u00f1os de estudio, la Corte Suprema de Justicia de la Naci\u00f3n no se expedir\u00e1 sobre el fallo a prisi\u00f3n perpetua y Nahir Galarza deber\u00e1 aguardar en prisi\u00f3n la decisi\u00f3n de la Corte Interamericana de Derechos Humanos.<\/strong><\/p>\n\n\n\n<p>En el momento de mayor exposici\u00f3n y debate en la opini\u00f3n p\u00fablica, los medios y las redes sociales sobre el caso Nahir Galarza, quien a los diecinueve a\u00f1os fue condenada a prisi\u00f3n perpetua por el crimen de Fernando Pastorizzo acaecido en la madrugada del 29 de diciembre de 2017, y en circunstancias donde la pel\u00edcula \u00abNahir\u00bb y la serie documental \u00abEl Secreto de un Crimen\u00bb sobre la tragedia son lo m\u00e1s visto en las plataformas, la Corte Suprema de Justicia de La Naci\u00f3n decidi\u00f3 no expedirse sobre su condena invocando el Art. 280 del C\u00f3digo Procesal Civil y Comercial de la Naci\u00f3n. Este art\u00edculo trata dentro de la secci\u00f3n referente a la Corte Suprema de la Naci\u00f3n el llamamiento de autos, el rechazo del recurso extraordinario y los memoriales en el recurso.<\/p>\n\n\n\n<p>Ante el Recurso Federal presentado por la defensa de Galarza, el m\u00e1ximo tribunal de la Argentina ten\u00eda tres opciones a destacar:<\/p>\n\n\n\n<p>1) Confirmar el fallo de la provincia de Entre R\u00edos y dar los fundamentos. No lo hizo.<\/p>\n\n\n\n<p>2) Revocar el fallo ordenando realizar un nuevo juicio con perspectiva de g\u00e9nero y que se analicen las diferentes hip\u00f3tesis, entre ellas la que sostiene que el ejecutor del crimen fue el padre de Nahir, el polic\u00eda Marcelo Galarza, y brindando los fundamentos. No lo hizo.<\/p>\n\n\n\n<p>3) Decidir que no quiere analizar el caso con la facultar de no brindar fundamentos. Esto es lo que hizo aplicando el Art. 280 del Codigo Procesal.<\/p>\n\n\n\n<p>Segun trascendi\u00f3, bajo la convicci\u00f3n de que la Corte Suprema no iba expedirse sobre el fallo, la defensa t\u00e9cnica de Nahir Galarza patrocinada por los reconocidos penalistas los Dres. Jos\u00e9 Ostolaza y Pablo Sotelo, ya ten\u00edan listo de antemano el Recurso que ingresar\u00e1 de inmediato a la Corte Interamedicana de Derechos Humanos, La Haya (CIDH), donde se denuncia entre otras cuestiones el incumplimiento por parte de la justicia entrerriana de los convenios firmados por nuestro pa\u00eds en materia de \u00abViolencia de G\u00e9nero y Protecci\u00f3n de la Mujer\u00bb (Belem Do Para, 1994), la Violencia Institucional por las pericias ap\u00f3crifas y una docena de arbitrariedades.<\/p>\n\n\n\n<p>La noticia de anticipaci\u00f3n sobre la decisi\u00f3n de nuestra Corte Suprema de no expedirse sobre el fallo del que se ha transformado en el caso m\u00e1s emblem\u00e1tico de criminalidad adolescente de toda la regi\u00f3n la brind\u00f3 el manager de medios, y autor del libro \u00abEl Silencio de Nahir, Cr\u00f3nica de un Linchamiento Medi\u00e1tico\u00bb, Jorge Zonzini que sostuvo \u00abno me sorprende el accionar de la Corte Suprema. Perdi\u00f3 la oportunidad de ense\u00f1arle a la sociedad fundamentando cada \u00edtem sobre si a Nahir la conden\u00f3 una justicia machista, patriarcal, mis\u00f3gina y arbitraria o si se trat\u00f3 de un caso record donde una mujer adolescente fue condenada en tan solo seis meses con intenciones de demostrar que la mujer tambi\u00e9n mata, instalar el primer machicidio de la argentina como contracara absurda de los femicidios o si tal condena fue producto de un accionar de brillantez jur\u00eddica\u00bb.<\/p>\n\n\n\n<p>As\u00ed mismo, Zonzini, expres\u00f3 \u00abeste caso se consolid\u00f3 como un fen\u00f3meno audiovisual sin precedentes con dos libros editados, una pel\u00edcula y una serie documental por que no le cierra a nadie. La Corte Suprema, sugestivamente integrada por cuatro hombres y supuestamente notables del derecho, pierde la oportunidad de darle c\u00e1tedra a una sociedad hambrienta de conocimiento y certezas y refuerza la teor\u00eda de que tenemos una justicia lenta, vaga y a la que solo le interesa inmiscuirse en temas de pol\u00edtica y no en lo temas que debate la ciudadan\u00eda\u00bb. Finalmente nuestro m\u00e1ximo tribunal deja en manos de un tribunal superior internacional (CIDH) el estudio de un fallo pol\u00e9mico que logr\u00f3, entre otras cuestiones, que las grandes cinematogr\u00e1ficas del mundo (Amazon.Paramount.HBO) se interesaran, nos expongan y produjeran material que ideol\u00f3gicamente abona la teor\u00eda de un caso lleno de secretos, mentiras, pactos, verg\u00fcenza jur\u00eddica y social, y sobre todo ellos dejan finales abiertos que no quiso cazar la justicia y que incentivan un debate in\u00e9dito en nuestro pa\u00eds\u00bb.<\/p>\n\n\n\n<p>Por \u00faltimo, ante la pregunta sobre si cree que la decisi\u00f3n de la Corte Suprema obedece a alg\u00fan tinte pol\u00edtico, el manager de medios, sostuvo \u00abla Corte hasta el a\u00f1o pasado estudiaba el fallo pero sugestivamente con el cambio de gobierno se lav\u00f3 las manos y prefiri\u00f3 no meterse. Causalmente un gobierno que elimin\u00f3 la perspectiva de g\u00e9nero, el Ministerio de la Mujer, que ataca la autodeterminaci\u00f3n ante el aborto y muestra en cada actitud y\/o discurso presidencial o de su vocer\u00eda la insignificancia de los derechos ganados por las mujeres a trav\u00e9s del tiempo. Por ello resulta evidente que para ellos un cambio favorable para Nahir hubiera resultado inadmisible. De hecho la resoluci\u00f3n est\u00e1 firmada desde hace tiempo y se dar\u00e1 a conocer a los medios reci\u00e9n esta semana, seguramente aprovechando el clamor del caso Nahir e intentar tapar otras cuestiones m\u00e1s sensibles de la pol\u00edtica, de la justicia, la ca\u00edda de los bonos, el riesgo pa\u00eds y por que no de los padecimientos que acarrea la ciudadan\u00eda por la dur\u00edsima coyuntura econ\u00f3mica ingresando al temido segundo semestre de la administraci\u00f3n de Milei. Lo que se dice, una Corte Suprema tiempista\u00bb.<\/p>\n\n\n\n<p>Cabe recordar que Nahir Mariana Galarza, la mujer m\u00e1s joven en recibir una pena a prisi\u00f3n perpetua, deber\u00e1 seguir presa, ya que la invocaci\u00f3n del Art. 280 faculta a la Corte no meterse sin fundamentar por que y por ende como se sostienen los fallos existentes hasta aguardar la decisi\u00f3n de la Corte Interamericana de Derechos Humanos que tratar\u00e1 su caso en su sede de la ciudad San Jos\u00e9, en Costa Rica.<\/p>\n","protected":false},"excerpt":{"rendered":"<p>Tras dos a&ntilde;os de estudio, la Corte Suprema de Justicia de la Naci&oacute;n no se expedir&aacute; sobre el fallo a prisi&oacute;n perpetua y Nahir Galarza deber&aacute; aguardar en prisi&oacute;n la decisi&oacute;n de la Corte Interamericana de Derechos Humanos. En el momento de mayor exposici&oacute;n y debate en la opini&oacute;n p&uacute;blica, los medios y las redes [&hellip;]<\/p>\n","protected":false},"author":2,"featured_media":3711,"comment_status":"open","ping_status":"open","sticky":false,"template":"","format":"standard","meta":{"footnotes":""},"categories":[979,5],"tags":[1315,1316,877,1317,1319,1318,871,869],"class_list":["post-3710","post","type-post","status-publish","format-standard","has-post-thumbnail","hentry","category-judiciales","category-nacionales","tag-articulo-280","tag-corte-interamericana","tag-corte-suprema","tag-derechos","tag-el-secreto-de-un-crimen","tag-humanos","tag-jorge-zonzini","tag-nahir-galarza"],"_links":{"self":[{"href":"https:\/\/partediario.com.ar\/index.php?rest_route=\/wp\/v2\/posts\/3710","targetHints":{"allow":["GET"]}}],"collection":[{"href":"https:\/\/partediario.com.ar\/index.php?rest_route=\/wp\/v2\/posts"}],"about":[{"href":"https:\/\/partediario.com.ar\/index.php?rest_route=\/wp\/v2\/types\/post"}],"author":[{"embeddable":true,"href":"https:\/\/partediario.com.ar\/index.php?rest_route=\/wp\/v2\/users\/2"}],"replies":[{"embeddable":true,"href":"https:\/\/partediario.com.ar\/index.php?rest_route=%2Fwp%2Fv2%2Fcomments&post=3710"}],"version-history":[{"count":1,"href":"https:\/\/partediario.com.ar\/index.php?rest_route=\/wp\/v2\/posts\/3710\/revisions"}],"predecessor-version":[{"id":3712,"href":"https:\/\/partediario.com.ar\/index.php?rest_route=\/wp\/v2\/posts\/3710\/revisions\/3712"}],"wp:featuredmedia":[{"embeddable":true,"href":"https:\/\/partediario.com.ar\/index.php?rest_route=\/wp\/v2\/media\/3711"}],"wp:attachment":[{"href":"https:\/\/partediario.com.ar\/index.php?rest_route=%2Fwp%2Fv2%2Fmedia&parent=3710"}],"wp:term":[{"taxonomy":"category","embeddable":true,"href":"https:\/\/partediario.com.ar\/index.php?rest_route=%2Fwp%2Fv2%2Fcategories&post=3710"},{"taxonomy":"post_tag","embeddable":true,"href":"https:\/\/partediario.com.ar\/index.php?rest_route=%2Fwp%2Fv2%2Ftags&post=3710"}],"curies":[{"name":"wp","href":"https:\/\/api.w.org\/{rel}","templated":true}]}}