{"id":3739,"date":"2024-07-01T12:24:05","date_gmt":"2024-07-01T15:24:05","guid":{"rendered":"https:\/\/partediario.com.ar\/?p=3739"},"modified":"2024-07-01T12:24:06","modified_gmt":"2024-07-01T15:24:06","slug":"entre-rios-estuvo-presente-en-el-primer-consejo-federal-de-politicas-indigenas","status":"publish","type":"post","link":"https:\/\/partediario.com.ar\/?p=3739","title":{"rendered":"Entre R\u00edos estuvo presente en el Primer Consejo Federal de Pol\u00edticas Ind\u00edgenas"},"content":{"rendered":"\n<p><strong>El gobierno provincial particip\u00f3 de la primera reuni\u00f3n del Consejo Federal de Pol\u00edticas Ind\u00edgenas que se realiz\u00f3 en Buenos Aires en el \u00e1mbito del Instituto Nacional de Asuntos Ind\u00edgena (INAI). Lo hizo a trav\u00e9s de la directora de Derechos Humanos, Gracia Mar\u00eda Jaroslavsky<\/strong>.<\/p>\n\n\n\n<p>En representaci\u00f3n del gobierno entrerriano, estuvo la directora de Derechos Humanos, Gracia Jaroslavsky, en la primera reuni\u00f3n del Consejo Federal de Pol\u00edticas Ind\u00edgenas. Este encuentro fue presidido por el titular del Instituto, Claudio Avruj, e integrada por representantes de las provincias.<\/p>\n\n\n\n<p>Durante la jornada se trabaj\u00f3 en la concreci\u00f3n de un plan de acci\u00f3n tendiente a unificar los criterios y federalizar la acci\u00f3n de todo lo que tiene que ver con las comunidades ind\u00edgenas, en cumplimiento de las mandas constitucionales. Asimismo, se defini\u00f3 que Entre R\u00edos ser\u00e1 sede del pr\u00f3ximo encuentro del Consejo.<\/p>\n\n\n\n<p>Entre R\u00edos ser\u00e1 sede del pr\u00f3ximo encuentro del Consejo.<\/p>\n","protected":false},"excerpt":{"rendered":"<p>El gobierno provincial particip&oacute; de la primera reuni&oacute;n del Consejo Federal de Pol&iacute;ticas Ind&iacute;genas que se realiz&oacute; en Buenos Aires en el &aacute;mbito del Instituto Nacional de Asuntos Ind&iacute;gena (INAI). Lo hizo a trav&eacute;s de la directora de Derechos Humanos, Gracia Mar&iacute;a Jaroslavsky. En representaci&oacute;n del gobierno entrerriano, estuvo la directora de Derechos Humanos, Gracia [&hellip;]<\/p>\n","protected":false},"author":2,"featured_media":3740,"comment_status":"open","ping_status":"open","sticky":false,"template":"","format":"standard","meta":{"footnotes":""},"categories":[8,726],"tags":[1335,1333,257,1334],"class_list":["post-3739","post","type-post","status-publish","format-standard","has-post-thumbnail","hentry","category-provinciales","category-sociedad","tag-claudio-avruj","tag-consejo-federal-politicas-indigenas","tag-entre-rios","tag-gracia-maria-jaroslavsky"],"_links":{"self":[{"href":"https:\/\/partediario.com.ar\/index.php?rest_route=\/wp\/v2\/posts\/3739","targetHints":{"allow":["GET"]}}],"collection":[{"href":"https:\/\/partediario.com.ar\/index.php?rest_route=\/wp\/v2\/posts"}],"about":[{"href":"https:\/\/partediario.com.ar\/index.php?rest_route=\/wp\/v2\/types\/post"}],"author":[{"embeddable":true,"href":"https:\/\/partediario.com.ar\/index.php?rest_route=\/wp\/v2\/users\/2"}],"replies":[{"embeddable":true,"href":"https:\/\/partediario.com.ar\/index.php?rest_route=%2Fwp%2Fv2%2Fcomments&post=3739"}],"version-history":[{"count":1,"href":"https:\/\/partediario.com.ar\/index.php?rest_route=\/wp\/v2\/posts\/3739\/revisions"}],"predecessor-version":[{"id":3741,"href":"https:\/\/partediario.com.ar\/index.php?rest_route=\/wp\/v2\/posts\/3739\/revisions\/3741"}],"wp:featuredmedia":[{"embeddable":true,"href":"https:\/\/partediario.com.ar\/index.php?rest_route=\/wp\/v2\/media\/3740"}],"wp:attachment":[{"href":"https:\/\/partediario.com.ar\/index.php?rest_route=%2Fwp%2Fv2%2Fmedia&parent=3739"}],"wp:term":[{"taxonomy":"category","embeddable":true,"href":"https:\/\/partediario.com.ar\/index.php?rest_route=%2Fwp%2Fv2%2Fcategories&post=3739"},{"taxonomy":"post_tag","embeddable":true,"href":"https:\/\/partediario.com.ar\/index.php?rest_route=%2Fwp%2Fv2%2Ftags&post=3739"}],"curies":[{"name":"wp","href":"https:\/\/api.w.org\/{rel}","templated":true}]}}