{"id":3742,"date":"2024-07-01T13:56:02","date_gmt":"2024-07-01T16:56:02","guid":{"rendered":"https:\/\/partediario.com.ar\/?p=3742"},"modified":"2024-07-01T13:56:04","modified_gmt":"2024-07-01T16:56:04","slug":"milei-viaja-a-brasil-para-reunirse-con-el-ultra-derechista-jair-bolsonaro","status":"publish","type":"post","link":"https:\/\/partediario.com.ar\/?p=3742","title":{"rendered":"Milei viaja a Brasil para reunirse con el ultra derechista Jair Bolsonaro"},"content":{"rendered":"\n<p><strong>El presidente viajar\u00eda el pr\u00f3ximo fin de semana hacia Brasil para reunirse con Jair Bolsonaro, expresidente del pa\u00eds vecino. Su visita se da luego de cancelar su participaci\u00f3n en la Cumbre del Mercosur.<\/strong><\/p>\n\n\n\n<p>El presidente Javier Milei viajar\u00e1 el pr\u00f3ximo fin de semana hacia San Pablo, Brasil, donde mantendr\u00e1 una reuni\u00f3n con Jair Bolsonaro en un evento de la Conferencia Pol\u00edtica de Acci\u00f3n Conservadora (CPAC) que organizar\u00e1 el expresidente del pa\u00eds vecino y l\u00edder liberal. La noticia trascendi\u00f3 de fuentes de Casa Rosada.<\/p>\n\n\n\n<p>Desp\u00faes de cancelar su viaje al Paraguay, en donde se llevar\u00e1 a cabo el lunes el evento de presidentes del Mercosur, Milei acepta visitar a Bolsonaro, con quien mantiene una excelente relaci\u00f3n.<\/p>\n\n\n\n<p>Fuentes de Balcarce 50 se\u00f1alan que su negativa de ir a la cumbre del Mercosur no se debe a \u00abno querer cruzarse\u00bb con Lula Da Silva, el presidente actual de Brasil, sino que va a quedar \u00abreventado\u00bb tras la vigilia por el 9 de Julio que se har\u00e1 en Tucum\u00e1n -junto con el Acta de Mayo- y luego el Tedeum en la Catedral de Buenos Aires.<\/p>\n\n\n\n<p>Sin embargo, hay tambi\u00e9n otra versi\u00f3n que indica que aunque estuviera cansado \u00absi quisiera har\u00eda el esfuerzo\u00bb para asistir al Paraguay. Su no presencia al evento no tiene \u00abnada que ver\u00bb con no querer cruzar a Lula, insisten.<\/p>\n\n\n\n<p>Noticia en desarrollo<\/p>\n","protected":false},"excerpt":{"rendered":"<p>El presidente viajar&iacute;a el pr&oacute;ximo fin de semana hacia Brasil para reunirse con Jair Bolsonaro, expresidente del pa&iacute;s vecino. Su visita se da luego de cancelar su participaci&oacute;n en la Cumbre del Mercosur. El presidente Javier Milei viajar&aacute; el pr&oacute;ximo fin de semana hacia San Pablo, Brasil, donde mantendr&aacute; una reuni&oacute;n con Jair Bolsonaro en [&hellip;]<\/p>\n","protected":false},"author":2,"featured_media":3743,"comment_status":"open","ping_status":"open","sticky":false,"template":"","format":"standard","meta":{"footnotes":""},"categories":[5,176],"tags":[296,866,232,335,554],"class_list":["post-3742","post","type-post","status-publish","format-standard","has-post-thumbnail","hentry","category-nacionales","category-politica","tag-cumbre","tag-jair-bolsonaro","tag-javier-milei","tag-lula-da-silva","tag-mercosur"],"_links":{"self":[{"href":"https:\/\/partediario.com.ar\/index.php?rest_route=\/wp\/v2\/posts\/3742","targetHints":{"allow":["GET"]}}],"collection":[{"href":"https:\/\/partediario.com.ar\/index.php?rest_route=\/wp\/v2\/posts"}],"about":[{"href":"https:\/\/partediario.com.ar\/index.php?rest_route=\/wp\/v2\/types\/post"}],"author":[{"embeddable":true,"href":"https:\/\/partediario.com.ar\/index.php?rest_route=\/wp\/v2\/users\/2"}],"replies":[{"embeddable":true,"href":"https:\/\/partediario.com.ar\/index.php?rest_route=%2Fwp%2Fv2%2Fcomments&post=3742"}],"version-history":[{"count":1,"href":"https:\/\/partediario.com.ar\/index.php?rest_route=\/wp\/v2\/posts\/3742\/revisions"}],"predecessor-version":[{"id":3744,"href":"https:\/\/partediario.com.ar\/index.php?rest_route=\/wp\/v2\/posts\/3742\/revisions\/3744"}],"wp:featuredmedia":[{"embeddable":true,"href":"https:\/\/partediario.com.ar\/index.php?rest_route=\/wp\/v2\/media\/3743"}],"wp:attachment":[{"href":"https:\/\/partediario.com.ar\/index.php?rest_route=%2Fwp%2Fv2%2Fmedia&parent=3742"}],"wp:term":[{"taxonomy":"category","embeddable":true,"href":"https:\/\/partediario.com.ar\/index.php?rest_route=%2Fwp%2Fv2%2Fcategories&post=3742"},{"taxonomy":"post_tag","embeddable":true,"href":"https:\/\/partediario.com.ar\/index.php?rest_route=%2Fwp%2Fv2%2Ftags&post=3742"}],"curies":[{"name":"wp","href":"https:\/\/api.w.org\/{rel}","templated":true}]}}