{"id":37500,"date":"2025-11-22T08:09:18","date_gmt":"2025-11-22T11:09:18","guid":{"rendered":"https:\/\/partediario.com.ar\/?p=37500"},"modified":"2025-11-23T10:30:43","modified_gmt":"2025-11-23T13:30:43","slug":"la-ultima-eleccion-marco-el-fin-del-populismo-quedo-reducido-a-una-minoria-senalo-macri","status":"publish","type":"post","link":"https:\/\/partediario.com.ar\/?p=37500","title":{"rendered":"La \u00faltima elecci\u00f3n marc\u00f3 el fin del populismo: \u201cQued\u00f3 reducido a una minor\u00eda\u201d, se\u00f1al\u00f3 Macri"},"content":{"rendered":"\n<h2 class=\"wp-block-heading\">El expresidente Mauricio Macri se\u00f1al\u00f3 este viernes que la elecci\u00f3n del 26 de octubre marc\u00f3 el fin del populismo ante el triunfo de La Libertad Avanza sobre el peronismo, y consider\u00f3 que esa expresi\u00f3n pol\u00edtica qued\u00f3 reducida a una \u201cminor\u00eda\u201d.<\/h2>\n\n\n\n<p>En una entrevista, el ex presidente brind\u00f3 una lectura pol\u00edtica sobre los comicios legislativos en la que consider\u00f3 que el \u201cgran cambio de la Argentina est\u00e1 en la gente\u201d.<\/p>\n\n\n\n<p>\u201cEsta \u00faltima elecci\u00f3n lo que marc\u00f3 es que la gente madur\u00f3\u201d, mencion\u00f3 Macri en un reportaje para la Revista Se\u00fal. \u201cMucha gente dijo: \u2018No estoy convencido de muchas cosas que est\u00e1n pasando, pero esto parece el 2019 y si vamos para atr\u00e1s, destruimos todo\u2019\u201d, destac\u00f3 el ex mandatario.<\/p>\n\n\n\n<p>Y anticip\u00f3 que \u201cel tiempo\u201d de evaluar el gobierno libertario por parte de la sociedad va a ser \u201cdentro de dos a\u00f1os\u201d.<\/p>\n\n\n\n<p>\u201cEso me da optimismo porque quiere decir que ya el discurso populista no entra m\u00e1s que en una minor\u00eda cada vez m\u00e1s chica: est\u00e1 debajo del 30% ese discurso\u201d, indic\u00f3 el titular del PRO.<\/p>\n\n\n\n<p>Las declaraciones de Macri se dan en un escenario pol\u00edtico que se reconfigur\u00f3 tras los comicios legislativos, donde La Libertad Avanza consolid\u00f3 su peso en el Congreso y el peronismo no logr\u00f3 aumentar su volumen de votos.<\/p>\n\n\n\n<p>#ParteDiaro<\/p>\n","protected":false},"excerpt":{"rendered":"<p>El expresidente Mauricio Macri se&ntilde;al&oacute; este viernes que la elecci&oacute;n del 26 de octubre marc&oacute; el fin del populismo ante el triunfo de La Libertad Avanza sobre el peronismo, y consider&oacute; que esa expresi&oacute;n pol&iacute;tica qued&oacute; reducida a una &ldquo;minor&iacute;a&rdquo;. En una entrevista, el ex presidente brind&oacute; una lectura pol&iacute;tica sobre los comicios legislativos en [&hellip;]<\/p>\n","protected":false},"author":2,"featured_media":37501,"comment_status":"closed","ping_status":"closed","sticky":false,"template":"","format":"standard","meta":{"footnotes":""},"categories":[5,176],"tags":[1032,1101,6964,2062],"class_list":["post-37500","post","type-post","status-publish","format-standard","has-post-thumbnail","hentry","category-nacionales","category-politica","tag-la-libertad-avanza","tag-mauricio-macri","tag-populismo","tag-pro"],"_links":{"self":[{"href":"https:\/\/partediario.com.ar\/index.php?rest_route=\/wp\/v2\/posts\/37500","targetHints":{"allow":["GET"]}}],"collection":[{"href":"https:\/\/partediario.com.ar\/index.php?rest_route=\/wp\/v2\/posts"}],"about":[{"href":"https:\/\/partediario.com.ar\/index.php?rest_route=\/wp\/v2\/types\/post"}],"author":[{"embeddable":true,"href":"https:\/\/partediario.com.ar\/index.php?rest_route=\/wp\/v2\/users\/2"}],"replies":[{"embeddable":true,"href":"https:\/\/partediario.com.ar\/index.php?rest_route=%2Fwp%2Fv2%2Fcomments&post=37500"}],"version-history":[{"count":2,"href":"https:\/\/partediario.com.ar\/index.php?rest_route=\/wp\/v2\/posts\/37500\/revisions"}],"predecessor-version":[{"id":37503,"href":"https:\/\/partediario.com.ar\/index.php?rest_route=\/wp\/v2\/posts\/37500\/revisions\/37503"}],"wp:featuredmedia":[{"embeddable":true,"href":"https:\/\/partediario.com.ar\/index.php?rest_route=\/wp\/v2\/media\/37501"}],"wp:attachment":[{"href":"https:\/\/partediario.com.ar\/index.php?rest_route=%2Fwp%2Fv2%2Fmedia&parent=37500"}],"wp:term":[{"taxonomy":"category","embeddable":true,"href":"https:\/\/partediario.com.ar\/index.php?rest_route=%2Fwp%2Fv2%2Fcategories&post=37500"},{"taxonomy":"post_tag","embeddable":true,"href":"https:\/\/partediario.com.ar\/index.php?rest_route=%2Fwp%2Fv2%2Ftags&post=37500"}],"curies":[{"name":"wp","href":"https:\/\/api.w.org\/{rel}","templated":true}]}}