{"id":37511,"date":"2025-11-22T08:32:59","date_gmt":"2025-11-22T11:32:59","guid":{"rendered":"https:\/\/partediario.com.ar\/?p=37511"},"modified":"2025-11-23T10:30:32","modified_gmt":"2025-11-23T13:30:32","slug":"peter-lamelas-celebro-las-tres-semanas-que-lleva-trabajando-a-toda-maquina-con-milei","status":"publish","type":"post","link":"https:\/\/partediario.com.ar\/?p=37511","title":{"rendered":"Peter Lamelas celebr\u00f3 las tres semanas que lleva \u201ctrabajando a toda m\u00e1quina con Milei\u201d"},"content":{"rendered":"\n<h2 class=\"wp-block-heading\">El nuevo embajador de Estados Unidos en el pa\u00eds, Peter Lamelas, celebr\u00f3 hoy las tres semanas que lleva \u201ctrabajando a toda m\u00e1quina\u201d con el presidente Javier Milei, y le dedic\u00f3 una menci\u00f3n especial al f\u00fatbol argentino.<\/h2>\n\n\n\n<p>\u201cYa tres semanas aqu\u00ed, trabajando a toda m\u00e1quina con Javier Milei y los argentinos para expandir oportunidades econ\u00f3micas para beneficio de ambos pa\u00edses\u2026 y disfrutar del mejor f\u00fatbol del mundo!\u201d, festej\u00f3 en su cuenta de X el jefe de la delegaci\u00f3n diplom\u00e1tica de la administraci\u00f3n de Donald Trump en la Argentina.<\/p>\n\n\n\n<p><\/p>\n\n\n\n<blockquote class=\"twitter-tweet\"><p lang=\"es\" dir=\"ltr\">Ya tres semanas aqu\u00ed, trabajando a toda m\u00e1quina con <a href=\"https:\/\/twitter.com\/JMilei?ref_src=twsrc%5Etfw\">@JMilei<\/a> y los argentinos para expandir oportunidades econ\u00f3micas para beneficio de ambos pa\u00edses\u2026 y disfrutar del mejor f\u00fatbol del mundo! \ud83c\uddfa\ud83c\uddf8\ud83e\udd1d\ud83c\udde6\ud83c\uddf7 MAAGA <a href=\"https:\/\/t.co\/68I6Nxltyf\">pic.twitter.com\/68I6Nxltyf<\/a><\/p>&mdash; Embajador Peter Lamelas (@USAmbassadorARG) <a href=\"https:\/\/twitter.com\/USAmbassadorARG\/status\/1992015980248318439?ref_src=twsrc%5Etfw\">November 21, 2025<\/a><\/blockquote> <script async src=\"https:\/\/platform.twitter.com\/widgets.js\" charset=\"utf-8\"><\/script>\n\n\n\n<p><\/p>\n\n\n\n<p>Junto con el texto de la publicaci\u00f3n, Lamelas difundi\u00f3 una secuencia de fotograf\u00edas en las que se muestra junto a Milei y ministros del Gabinete como Luis Caputo (Econom\u00eda), Mario Lugones (Salud), Pablo Quirno (Canciller\u00eda), Federico Sturzenegger (Desregulaci\u00f3n y Transformaci\u00f3n del Estado) y Luis Petri (Defensa).<\/p>\n\n\n\n<p>Adem\u00e1s subi\u00f3 fotos junto al gobernador de Mendoza, Alfredo Cornejo, de su participaci\u00f3n en el marco de AmCham Argentina, y una \u00faltima postal de su visita a \u201cLa Bombonera\u201d, el estadio de Boca Juniors.<\/p>\n\n\n\n<p>\u201cMAAGA\u201d, remat\u00f3 Lamelas en su posteo, en referencia al lema de campa\u00f1a de Trump (\u00abMake America Great Again\u00bb &#8211; \u00abHacer Am\u00e9rica Grande Otra Vez\u00bb).<\/p>\n\n\n\n<p>#ParteDiario<\/p>\n","protected":false},"excerpt":{"rendered":"<p>El nuevo embajador de Estados Unidos en el pa&iacute;s, Peter Lamelas, celebr&oacute; hoy las tres semanas que lleva &ldquo;trabajando a toda m&aacute;quina&rdquo; con el presidente Javier Milei, y le dedic&oacute; una menci&oacute;n especial al f&uacute;tbol argentino. &ldquo;Ya tres semanas aqu&iacute;, trabajando a toda m&aacute;quina con Javier Milei y los argentinos para expandir oportunidades econ&oacute;micas para [&hellip;]<\/p>\n","protected":false},"author":2,"featured_media":37512,"comment_status":"closed","ping_status":"closed","sticky":false,"template":"","format":"standard","meta":{"footnotes":""},"categories":[5,176],"tags":[1484,232,792,566,3473,5287,7183],"class_list":["post-37511","post","type-post","status-publish","format-standard","has-post-thumbnail","hentry","category-nacionales","category-politica","tag-federico-sturzenegger","tag-javier-milei","tag-luis-caputo","tag-luis-petri","tag-mario-lugones","tag-pablo-quirno","tag-pater-lamelas"],"_links":{"self":[{"href":"https:\/\/partediario.com.ar\/index.php?rest_route=\/wp\/v2\/posts\/37511","targetHints":{"allow":["GET"]}}],"collection":[{"href":"https:\/\/partediario.com.ar\/index.php?rest_route=\/wp\/v2\/posts"}],"about":[{"href":"https:\/\/partediario.com.ar\/index.php?rest_route=\/wp\/v2\/types\/post"}],"author":[{"embeddable":true,"href":"https:\/\/partediario.com.ar\/index.php?rest_route=\/wp\/v2\/users\/2"}],"replies":[{"embeddable":true,"href":"https:\/\/partediario.com.ar\/index.php?rest_route=%2Fwp%2Fv2%2Fcomments&post=37511"}],"version-history":[{"count":2,"href":"https:\/\/partediario.com.ar\/index.php?rest_route=\/wp\/v2\/posts\/37511\/revisions"}],"predecessor-version":[{"id":37514,"href":"https:\/\/partediario.com.ar\/index.php?rest_route=\/wp\/v2\/posts\/37511\/revisions\/37514"}],"wp:featuredmedia":[{"embeddable":true,"href":"https:\/\/partediario.com.ar\/index.php?rest_route=\/wp\/v2\/media\/37512"}],"wp:attachment":[{"href":"https:\/\/partediario.com.ar\/index.php?rest_route=%2Fwp%2Fv2%2Fmedia&parent=37511"}],"wp:term":[{"taxonomy":"category","embeddable":true,"href":"https:\/\/partediario.com.ar\/index.php?rest_route=%2Fwp%2Fv2%2Fcategories&post=37511"},{"taxonomy":"post_tag","embeddable":true,"href":"https:\/\/partediario.com.ar\/index.php?rest_route=%2Fwp%2Fv2%2Ftags&post=37511"}],"curies":[{"name":"wp","href":"https:\/\/api.w.org\/{rel}","templated":true}]}}