{"id":37519,"date":"2025-11-22T08:59:12","date_gmt":"2025-11-22T11:59:12","guid":{"rendered":"https:\/\/partediario.com.ar\/?p=37519"},"modified":"2025-11-23T10:30:26","modified_gmt":"2025-11-23T13:30:26","slug":"cuanto-mejor-le-vaya-mas-feliz-estare-yo-expreso-trump-tras-recibir-a-mamdani","status":"publish","type":"post","link":"https:\/\/partediario.com.ar\/?p=37519","title":{"rendered":"\u201cCuanto mejor le vaya, m\u00e1s feliz estar\u00e9 yo\u201d, expres\u00f3 Trump tras recibir a Mamdani"},"content":{"rendered":"\n<h2 class=\"wp-block-heading\">El presidente de Estados Unidos, Donald Trump, recibi\u00f3 este viernes al alcalde electo de Nueva York, el socialista democr\u00e1tico Zohran Mamdani, en la Casa Blanca, y en un gesto de buena voluntad luego de meses de enfrentamientos, el mandatario se\u00f1al\u00f3 que \u201ccuanto mejor le vaya, m\u00e1s feliz estar\u00e9 yo\u00bb.<\/h2>\n\n\n\n<p>De pie en la Oficina Oval junto a Trump, Mamdani, manifest\u00f3 que tuvieron \u201cuna reuni\u00f3n productiva\u201d centrada en las preocupaciones de los neoyorquinos sobre el costo de vida.<\/p>\n\n\n\n<p>\u201cAcabamos de tener una gran reuni\u00f3n, una reuni\u00f3n realmente buena, muy productiva\u201d, dijo Trump con Mamdani de pie a su lado, seg\u00fan consign\u00f3 la cadena CNN.<\/p>\n\n\n\n<p>Trump, un nativo de Nueva York, enfatiz\u00f3 prioridades compartidas a pesar de marcadas diferencias pol\u00edticas.<\/p>\n\n\n\n<p>\u201cUna cosa en com\u00fan, queremos que a esta ciudad nuestra que amamos le vaya muy bien\u201d, expres\u00f3 el presidente. \u201cY lo felicit\u00e9, y hablamos de algunas cosas en las que estamos muy de acuerdo, como la vivienda y la construcci\u00f3n de viviendas, y los precios de los alimentos. El precio del petr\u00f3leo est\u00e1 bajando mucho\u201d, agreg\u00f3.<\/p>\n\n\n\n<p>Trump ofreci\u00f3 adem\u00e1s un gesto de buena voluntad hacia el alcalde entrante y dijo que incluso podr\u00eda sorprender a los conservadores. \u201cCreo que van a tener, con suerte, un alcalde realmente excelente\u201d, dijo. \u201cCuanto mejor le vaya, m\u00e1s feliz estoy yo. Dir\u00e9 que no hay diferencia de partido\u201d, acot\u00f3.<\/p>\n\n\n\n<p>\u201cCreo que, en realidad, va a sorprender a algunas personas conservadoras, y tambi\u00e9n a algunas personas muy progresistas\u201d, dijo.<\/p>\n\n\n\n<p>\u201cCreo que \u00e9l es diferente, y eso puede ser de una manera muy positiva, pero creo que \u00e9l es diferente, ya sabes, a tu tipo t\u00edpico de persona, se postula, gana, se convierte en alcalde\u201d, dijo Trump.<\/p>\n\n\n\n<p>\u201c\u00c9l tiene la oportunidad de hacer algo realmente grande por Nueva York\u201d, a\u00f1adi\u00f3 el presidente, diciendo que el alcalde electo necesitar\u00e1 ayuda del Gobierno federal para tener \u00e9xito. \u201cVamos a estar ayud\u00e1ndolo\u201d.<\/p>\n\n\n\n<p>Cuando se le pregunt\u00f3 si se sentir\u00eda c\u00f3modo viviendo en la ciudad de Nueva York bajo el liderazgo de Mamdani, Trump contest\u00f3: \u201cS\u00ed, claro que s\u00ed, sobre todo despu\u00e9s de la reuni\u00f3n, absolutamente\u201d.<\/p>\n\n\n\n<p>Mamdani destac\u00f3 \u201cla necesidad de brindar asequibilidad a los neoyorquinos, los 8 millones y medio de personas que llaman a nuestra ciudad su hogar, que est\u00e1n luchando por costear la vida en la ciudad m\u00e1s cara de los Estados Unidos de Am\u00e9rica\u201d.<\/p>\n\n\n\n<p>\u201cHablamos sobre el alquiler, hablamos sobre los comestibles, hablamos sobre los servicios p\u00fablicos. Hablamos sobre las diferentes maneras en que las personas est\u00e1n siendo desplazadas\u201d, expres\u00f3 haciendo referencia a los temas emblem\u00e1ticos de su campa\u00f1a para la alcald\u00eda.<\/p>\n\n\n\n<p>Previo a la reuni\u00f3n, Trump pareci\u00f3 adoptar un tono conciliador, elogiando la victoria de Mamdani y prediciendo una reuni\u00f3n \u201ccivil\u201d.<\/p>\n\n\n\n<p>Mientras respond\u00eda preguntas de los periodistas Trump minimiz\u00f3 sus amenazas previas de cortar los fondos federales a la ciudad.<\/p>\n\n\n\n<p>\u201cEspero ayudarlo, no perjudicarlo\u201d, se\u00f1al\u00f3 Trump cuando se le pregunt\u00f3 si hab\u00eda alguna pol\u00edtica que lo llevar\u00eda a cortar los fondos federales, como ha dicho anteriormente.<\/p>\n\n\n\n<p>Por otra parte, Trump dijo que \u00e9l y Mamdani resolver\u00e1n sus diferencias en lo que respecta a los agentes de ICE (Agencia de Control de Inmigraci\u00f3n y Aduanas) en las ciudades.<\/p>\n\n\n\n<p>Mamdani ha sido un cr\u00edtico del ICE, diciendo a CNN que no permitir\u00eda que el Departamento de Polic\u00eda de Nueva York interact\u00fae o coopere con ese organismo en la aplicaci\u00f3n de la ley de inmigraci\u00f3n civil.<\/p>\n\n\n\n<p>Trump indic\u00f3 que durante su reuni\u00f3n, Mamdani habl\u00f3 sobre c\u00f3mo \u201cquiere tener una Nueva York segura\u201d.<\/p>\n\n\n\n<p>\u201cAs\u00ed que vamos a trabajar juntos. Vamos a asegurarnos de que si, hay personas horribles all\u00ed, queremos sacarlas\u201d, agreg\u00f3 Trump. \u201cCreo que \u00e9l quiere sacarlas quiz\u00e1s m\u00e1s que yo\u201d.<\/p>\n\n\n\n<p>Trump, en un momento de distensi\u00f3n durante su reuni\u00f3n en la Oficina Oval con Mamdani, dijo que estaba \u201cbien\u201d que se refiriera a \u00e9l como \u00abfascista\u00bb, una etiqueta que el dem\u00f3crata ha utilizado en p\u00fablico para referirse al mandatario.<\/p>\n\n\n\n<p>Cuando un reportero le pregunt\u00f3 a Mamdani si todav\u00eda cree que Trump es un fascista, el alcalde electo comenz\u00f3 a responder, diciendo: \u201cHe hablado sobre eso\u2026\u201d, antes de que Trump lo interrumpiera abruptamente.<\/p>\n\n\n\n<p>\u201cEst\u00e1 bien\u201d, interrumpi\u00f3 Trump. \u201c\u00c9l puede decir eso\u201d, dijo el presidente, sonriendo.<\/p>\n\n\n\n<p>#ParteDiario<\/p>\n","protected":false},"excerpt":{"rendered":"<p>El presidente de Estados Unidos, Donald Trump, recibi&oacute; este viernes al alcalde electo de Nueva York, el socialista democr&aacute;tico Zohran Mamdani, en la Casa Blanca, y en un gesto de buena voluntad luego de meses de enfrentamientos, el mandatario se&ntilde;al&oacute; que &ldquo;cuanto mejor le vaya, m&aacute;s feliz estar&eacute; yo&raquo;. De pie en la Oficina Oval [&hellip;]<\/p>\n","protected":false},"author":2,"featured_media":29731,"comment_status":"closed","ping_status":"closed","sticky":false,"template":"","format":"standard","meta":{"footnotes":""},"categories":[9,176],"tags":[857,118,373,7185],"class_list":["post-37519","post","type-post","status-publish","format-standard","has-post-thumbnail","hentry","category-internacionales","category-politica","tag-donald-trump","tag-new-york","tag-reunion","tag-zohran-mamdani"],"_links":{"self":[{"href":"https:\/\/partediario.com.ar\/index.php?rest_route=\/wp\/v2\/posts\/37519","targetHints":{"allow":["GET"]}}],"collection":[{"href":"https:\/\/partediario.com.ar\/index.php?rest_route=\/wp\/v2\/posts"}],"about":[{"href":"https:\/\/partediario.com.ar\/index.php?rest_route=\/wp\/v2\/types\/post"}],"author":[{"embeddable":true,"href":"https:\/\/partediario.com.ar\/index.php?rest_route=\/wp\/v2\/users\/2"}],"replies":[{"embeddable":true,"href":"https:\/\/partediario.com.ar\/index.php?rest_route=%2Fwp%2Fv2%2Fcomments&post=37519"}],"version-history":[{"count":2,"href":"https:\/\/partediario.com.ar\/index.php?rest_route=\/wp\/v2\/posts\/37519\/revisions"}],"predecessor-version":[{"id":37523,"href":"https:\/\/partediario.com.ar\/index.php?rest_route=\/wp\/v2\/posts\/37519\/revisions\/37523"}],"wp:featuredmedia":[{"embeddable":true,"href":"https:\/\/partediario.com.ar\/index.php?rest_route=\/wp\/v2\/media\/29731"}],"wp:attachment":[{"href":"https:\/\/partediario.com.ar\/index.php?rest_route=%2Fwp%2Fv2%2Fmedia&parent=37519"}],"wp:term":[{"taxonomy":"category","embeddable":true,"href":"https:\/\/partediario.com.ar\/index.php?rest_route=%2Fwp%2Fv2%2Fcategories&post=37519"},{"taxonomy":"post_tag","embeddable":true,"href":"https:\/\/partediario.com.ar\/index.php?rest_route=%2Fwp%2Fv2%2Ftags&post=37519"}],"curies":[{"name":"wp","href":"https:\/\/api.w.org\/{rel}","templated":true}]}}