{"id":37524,"date":"2025-11-22T09:10:21","date_gmt":"2025-11-22T12:10:21","guid":{"rendered":"https:\/\/partediario.com.ar\/?p=37524"},"modified":"2025-11-25T08:58:43","modified_gmt":"2025-11-25T11:58:43","slug":"jair-bolsonaro-fue-trasladado-a-la-carcel","status":"publish","type":"post","link":"https:\/\/partediario.com.ar\/?p=37524","title":{"rendered":"Jair Bolsonaro fue trasladado a la c\u00e1rcel"},"content":{"rendered":"\n<h2 class=\"wp-block-heading\">El expresidente brasile\u00f1o Jair Bolsonaro fue preso preventivamente este s\u00e1bado en Brasilia, luego de varios meses cumpliendo prisi\u00f3n domiciliaria. La detenci\u00f3n se llev\u00f3 adelante por la Polic\u00eda Federal en cumplimiento de una decisi\u00f3n del Supremo Tribunal Federal (STF).<\/h2>\n\n\n\n<p>Seg\u00fan se inform\u00f3 la medida fue de prisi\u00f3n preventiva y no la ejecuci\u00f3n de su condena de 27 a\u00f1os de c\u00e1rcel. Bolsonaro hab\u00eda sido condenado en septiembre por haber conspirado para impedir la asunci\u00f3n del izquierdista Luiz In\u00e1cio Lula da Silva despu\u00e9s de perder los comicios en 2022.<\/p>\n\n\n\n<p>El expresidente, l\u00edder de la derecha y ultraderecha brasile\u00f1as, se encontraba bajo prisi\u00f3n domiciliaria desde agosto, monitoreado electr\u00f3nicamente en su vivienda en un condominio de lujo en la capital. El STF hab\u00eda rechazado a mediados de noviembre un recurso contra su condena, que establec\u00eda que deb\u00eda cumplirse en \u00abr\u00e9gimen cerrado\u00bb (prisi\u00f3n).<\/p>\n\n\n\n<p>La detenci\u00f3n se da a pesar que los abogados de Bolsonaro hab\u00edan solicitado el viernes a la corte que su cliente pudiera purgar su pena en su casa \u00abpor razones humanitarias\u00bb debido a sus delicadas condiciones de salud.<\/p>\n\n\n\n<p>La defensa fundament\u00f3 sus argumentos se\u00f1alando que la alteraci\u00f3n de la prisi\u00f3n domiciliaria representa un \u00abriesgo de vida\u00bb para Bolsonaro, quien sufre secuelas permanentes de la pu\u00f1alada que recibi\u00f3 en el vientre en 2018. Los abogados citaron m\u00faltiples cirug\u00edas, episodios de reflujo e \u00abhipo incontrolable\u00bb que le han provocado falta de aire, adem\u00e1s de un diagn\u00f3stico reciente de c\u00e1ncer de piel.<\/p>\n\n\n\n<p>El per\u00edodo para que la defensa presente nuevos recursos para apelar la sentencia de c\u00e1rcel vence el pr\u00f3ximo lunes.<\/p>\n","protected":false},"excerpt":{"rendered":"<p>El expresidente brasile&ntilde;o Jair Bolsonaro fue preso preventivamente este s&aacute;bado en Brasilia, luego de varios meses cumpliendo prisi&oacute;n domiciliaria. La detenci&oacute;n se llev&oacute; adelante por la Polic&iacute;a Federal en cumplimiento de una decisi&oacute;n del Supremo Tribunal Federal (STF). Seg&uacute;n se inform&oacute; la medida fue de prisi&oacute;n preventiva y no la ejecuci&oacute;n de su condena de [&hellip;]<\/p>\n","protected":false},"author":2,"featured_media":37525,"comment_status":"closed","ping_status":"closed","sticky":false,"template":"","format":"standard","meta":{"footnotes":""},"categories":[9,176],"tags":[7187,6502,866,7186],"class_list":["post-37524","post","type-post","status-publish","format-standard","has-post-thumbnail","hentry","category-internacionales","category-politica","tag-brasilia","tag-carcel","tag-jair-bolsonaro","tag-trasladado"],"_links":{"self":[{"href":"https:\/\/partediario.com.ar\/index.php?rest_route=\/wp\/v2\/posts\/37524","targetHints":{"allow":["GET"]}}],"collection":[{"href":"https:\/\/partediario.com.ar\/index.php?rest_route=\/wp\/v2\/posts"}],"about":[{"href":"https:\/\/partediario.com.ar\/index.php?rest_route=\/wp\/v2\/types\/post"}],"author":[{"embeddable":true,"href":"https:\/\/partediario.com.ar\/index.php?rest_route=\/wp\/v2\/users\/2"}],"replies":[{"embeddable":true,"href":"https:\/\/partediario.com.ar\/index.php?rest_route=%2Fwp%2Fv2%2Fcomments&post=37524"}],"version-history":[{"count":1,"href":"https:\/\/partediario.com.ar\/index.php?rest_route=\/wp\/v2\/posts\/37524\/revisions"}],"predecessor-version":[{"id":37526,"href":"https:\/\/partediario.com.ar\/index.php?rest_route=\/wp\/v2\/posts\/37524\/revisions\/37526"}],"wp:featuredmedia":[{"embeddable":true,"href":"https:\/\/partediario.com.ar\/index.php?rest_route=\/wp\/v2\/media\/37525"}],"wp:attachment":[{"href":"https:\/\/partediario.com.ar\/index.php?rest_route=%2Fwp%2Fv2%2Fmedia&parent=37524"}],"wp:term":[{"taxonomy":"category","embeddable":true,"href":"https:\/\/partediario.com.ar\/index.php?rest_route=%2Fwp%2Fv2%2Fcategories&post=37524"},{"taxonomy":"post_tag","embeddable":true,"href":"https:\/\/partediario.com.ar\/index.php?rest_route=%2Fwp%2Fv2%2Ftags&post=37524"}],"curies":[{"name":"wp","href":"https:\/\/api.w.org\/{rel}","templated":true}]}}