{"id":37640,"date":"2025-11-25T07:38:02","date_gmt":"2025-11-25T10:38:02","guid":{"rendered":"https:\/\/partediario.com.ar\/?p=37640"},"modified":"2025-11-26T12:16:02","modified_gmt":"2025-11-26T15:16:02","slug":"cristina-kirchner-escuchara-durante-la-jornada-de-hoy-la-acusacion-de-fiscalia-sobre-los-204-hechos-de-cohecho","status":"publish","type":"post","link":"https:\/\/partediario.com.ar\/?p=37640","title":{"rendered":"Cristina Kirchner escuchar\u00e1 durante la jornada de hoy la acusaci\u00f3n de Fiscal\u00eda sobre los 204 hechos de cohecho"},"content":{"rendered":"\n<h2 class=\"wp-block-heading\">El Tribunal Oral Federal 7 (TOF 7) retoma hoy, martes, el juicio por la Causa Cuadernos con un puntual clave en el cronograma, la suma de una audiencia semanal m\u00e1s. En esta etapa, la expresidenta Cristina Kirchner y los dem\u00e1s 85 imputados escuchar\u00e1n en detalle la acusaci\u00f3n de la Fiscal\u00eda, centrada en la figura de la asociaci\u00f3n il\u00edcita.<\/h2>\n\n\n\n<p>Seg\u00fan se supo, la reanudaci\u00f3n del debate, que continuar\u00e1 siendo virtual, se enfocar\u00e1 en la lectura del requerimiento de elevaci\u00f3n, donde se explicar\u00e1 el engranaje delictivo que funcion\u00f3 entre 2003 y 2015.<\/p>\n\n\n\n<p>La acusaci\u00f3n que pesa sobre la expresidenta es la de haber sido la jefa de una asociaci\u00f3n il\u00edcita que se dedic\u00f3 a la recaudaci\u00f3n de fondos ilegales. Tambi\u00e9n se le atribuyen 204 hechos de cohecho pasivo (recibir coimas), que representan una suma superior a los 10.400.000 d\u00f3lares.<\/p>\n\n\n\n<p>El requerimiento de elevaci\u00f3n, cuyo texto se continuar\u00e1 leyendo hoy, se\u00f1ala:<\/p>\n\n\n\n<p>\u00abDesde sus albores la investigaci\u00f3n se centr\u00f3 en la conformaci\u00f3n de una asociaci\u00f3n il\u00edcita integrada por las m\u00e1s altas esferas estatales de la Rep\u00fablica Argentina.\u00bb<\/p>\n\n\n\n<p>El fiscal federal Carlos Stornelli argumenta que existi\u00f3 un \u00absistema de recaudaci\u00f3n de dinero\u00bb donde los funcionarios p\u00fablicos y los empresarios obtuvieron beneficios rec\u00edprocos: los funcionarios obten\u00edan dinero y garantizaban su permanencia, mientras que los privados recib\u00edan promesas y beneficios concretos en contratos con la Administraci\u00f3n P\u00fablica Nacional.<\/p>\n\n\n\n<p><strong>El cronograma de diciembre<\/strong><\/p>\n\n\n\n<p>El Tribunal, integrado por los jueces M\u00e9ndez Signori, Canero y Castelli, seguir\u00e1 con la lectura de la acusaci\u00f3n de la \u00abcausa madre\u00bb hasta el 2 de diciembre.<\/p>\n\n\n\n<p>Luego del jueves 4 de diciembre, comenzar\u00e1 la lectura del expediente conexo, conocido como \u00abla Camarita\u00bb, donde las confesiones de imputados colaboradores como Carlos Wagner (expresidente de la C\u00e1mara de la Construcci\u00f3n) y Jos\u00e9 L\u00f3pez posibilitaron desentra\u00f1ar la cartelizaci\u00f3n de la obra p\u00fablica y los pagos que iban del 10 al 30 por ciento. Finalmente, el 18 de diciembre se leer\u00e1 la investigaci\u00f3n concentrada en los Corredores Viales.<\/p>\n","protected":false},"excerpt":{"rendered":"<p>El Tribunal Oral Federal 7 (TOF 7) retoma hoy, martes, el juicio por la Causa Cuadernos con un puntual clave en el cronograma, la suma de una audiencia semanal m&aacute;s. En esta etapa, la expresidenta Cristina Kirchner y los dem&aacute;s 85 imputados escuchar&aacute;n en detalle la acusaci&oacute;n de la Fiscal&iacute;a, centrada en la figura de [&hellip;]<\/p>\n","protected":false},"author":2,"featured_media":37641,"comment_status":"closed","ping_status":"closed","sticky":false,"template":"","format":"standard","meta":{"footnotes":""},"categories":[979,5,176],"tags":[7150,4359,518,6166,7196,5739],"class_list":["post-37640","post","type-post","status-publish","format-standard","has-post-thumbnail","hentry","category-judiciales","category-nacionales","category-politica","tag-audiencias","tag-causa","tag-cristina-kirchner","tag-cuadernos","tag-tof-7","tag-virtuales"],"_links":{"self":[{"href":"https:\/\/partediario.com.ar\/index.php?rest_route=\/wp\/v2\/posts\/37640","targetHints":{"allow":["GET"]}}],"collection":[{"href":"https:\/\/partediario.com.ar\/index.php?rest_route=\/wp\/v2\/posts"}],"about":[{"href":"https:\/\/partediario.com.ar\/index.php?rest_route=\/wp\/v2\/types\/post"}],"author":[{"embeddable":true,"href":"https:\/\/partediario.com.ar\/index.php?rest_route=\/wp\/v2\/users\/2"}],"replies":[{"embeddable":true,"href":"https:\/\/partediario.com.ar\/index.php?rest_route=%2Fwp%2Fv2%2Fcomments&post=37640"}],"version-history":[{"count":1,"href":"https:\/\/partediario.com.ar\/index.php?rest_route=\/wp\/v2\/posts\/37640\/revisions"}],"predecessor-version":[{"id":37642,"href":"https:\/\/partediario.com.ar\/index.php?rest_route=\/wp\/v2\/posts\/37640\/revisions\/37642"}],"wp:featuredmedia":[{"embeddable":true,"href":"https:\/\/partediario.com.ar\/index.php?rest_route=\/wp\/v2\/media\/37641"}],"wp:attachment":[{"href":"https:\/\/partediario.com.ar\/index.php?rest_route=%2Fwp%2Fv2%2Fmedia&parent=37640"}],"wp:term":[{"taxonomy":"category","embeddable":true,"href":"https:\/\/partediario.com.ar\/index.php?rest_route=%2Fwp%2Fv2%2Fcategories&post=37640"},{"taxonomy":"post_tag","embeddable":true,"href":"https:\/\/partediario.com.ar\/index.php?rest_route=%2Fwp%2Fv2%2Ftags&post=37640"}],"curies":[{"name":"wp","href":"https:\/\/api.w.org\/{rel}","templated":true}]}}