{"id":37643,"date":"2025-11-25T08:41:29","date_gmt":"2025-11-25T11:41:29","guid":{"rendered":"https:\/\/partediario.com.ar\/?p=37643"},"modified":"2025-11-26T12:15:57","modified_gmt":"2025-11-26T15:15:57","slug":"la-comision-de-comercio-de-diputados-se-reunira-este-martes-por-el-acuerdo-con-estados-unidos","status":"publish","type":"post","link":"https:\/\/partediario.com.ar\/?p=37643","title":{"rendered":"La Comisi\u00f3n de Comercio de Diputados se reunir\u00e1 este martes por el acuerdo con Estados Unidos"},"content":{"rendered":"\n<h2 class=\"wp-block-heading\">La Comisi\u00f3n de Comercio de la C\u00e1mara de Diputados mantendr\u00e1 una reuni\u00f3n este martes a las 12 para analizar el acuerdo de libre comercio que la Argentina rubric\u00f3 con Estados Unidos.<\/h2>\n\n\n\n<p>La novedad fue anunciada por el jefe del bloque de diputados de Uni\u00f3n por la Patria (UxP), Germ\u00e1n Mart\u00ednez, quien consider\u00f3 que \u201cel acuerdo comercial entre Argentina y Estados Unidos tiene que ser enviado al Congreso para su an\u00e1lisis y discusi\u00f3n\u201d.<\/p>\n\n\n\n<p><\/p>\n\n\n\n<blockquote class=\"twitter-tweet\"><p lang=\"es\" dir=\"ltr\">El acuerdo comercial entre Argentina y Estados Unidos tiene que ser enviado al Congreso para su an\u00e1lisis y discusi\u00f3n.<br><br>Este martes a las 12 hs la Comisi\u00f3n de Comercio de la C\u00e1mara de Diputados recibir\u00e1 a especialistas en la materia para que aporten su mirada. <a href=\"https:\/\/t.co\/zPhv6HulRF\">pic.twitter.com\/zPhv6HulRF<\/a><\/p>&mdash; GERMAN MARTINEZ (@gerpmartinez) <a href=\"https:\/\/twitter.com\/gerpmartinez\/status\/1993072817646993887?ref_src=twsrc%5Etfw\">November 24, 2025<\/a><\/blockquote> <script async src=\"https:\/\/platform.twitter.com\/widgets.js\" charset=\"utf-8\"><\/script>\n\n\n\n<p><\/p>\n\n\n\n<p>\u201cEste martes a las 12 la Comisi\u00f3n de Comercio de la C\u00e1mara de Diputados recibir\u00e1 a especialistas en la materia para que aporten su mirada\u201d, consign\u00f3 Mart\u00ednez, seg\u00fan se supo.<\/p>\n\n\n\n<p>La comisi\u00f3n, que preside el diputado peronista Tom\u00e1s Ledesma, se reunir\u00e1 en la Sala 2 del segundo piso del Anexo A.<\/p>\n\n\n\n<p>Al anunciar el acuerdo, el Gobierno subray\u00f3 que el objetivo central es \u201cfortalecer los v\u00ednculos econ\u00f3micos bilaterales, promover el comercio y estimular nuevas corrientes de inversi\u00f3n\u201d, en el marco de una \u201cprofunda y necesaria reconfiguraci\u00f3n de las cadenas globales de valor\u201d impulsada por el presidente estadounidense, Donald Trump, por lo que la Argentina se incorpora as\u00ed a \u201cun grupo selecto de naciones con preferencias comerciales\u201d.<\/p>\n\n\n\n<p>#ParteDiario<\/p>\n","protected":false},"excerpt":{"rendered":"<p>La Comisi&oacute;n de Comercio de la C&aacute;mara de Diputados mantendr&aacute; una reuni&oacute;n este martes a las 12 para analizar el acuerdo de libre comercio que la Argentina rubric&oacute; con Estados Unidos. La novedad fue anunciada por el jefe del bloque de diputados de Uni&oacute;n por la Patria (UxP), Germ&aacute;n Mart&iacute;nez, quien consider&oacute; que &ldquo;el acuerdo [&hellip;]<\/p>\n","protected":false},"author":2,"featured_media":37644,"comment_status":"closed","ping_status":"closed","sticky":false,"template":"","format":"standard","meta":{"footnotes":""},"categories":[5,176],"tags":[1108,2956,310,467,1036],"class_list":["post-37643","post","type-post","status-publish","format-standard","has-post-thumbnail","hentry","category-nacionales","category-politica","tag-acuerdo","tag-comision","tag-diputados","tag-estados-unidos","tag-german-martinez"],"_links":{"self":[{"href":"https:\/\/partediario.com.ar\/index.php?rest_route=\/wp\/v2\/posts\/37643","targetHints":{"allow":["GET"]}}],"collection":[{"href":"https:\/\/partediario.com.ar\/index.php?rest_route=\/wp\/v2\/posts"}],"about":[{"href":"https:\/\/partediario.com.ar\/index.php?rest_route=\/wp\/v2\/types\/post"}],"author":[{"embeddable":true,"href":"https:\/\/partediario.com.ar\/index.php?rest_route=\/wp\/v2\/users\/2"}],"replies":[{"embeddable":true,"href":"https:\/\/partediario.com.ar\/index.php?rest_route=%2Fwp%2Fv2%2Fcomments&post=37643"}],"version-history":[{"count":2,"href":"https:\/\/partediario.com.ar\/index.php?rest_route=\/wp\/v2\/posts\/37643\/revisions"}],"predecessor-version":[{"id":37646,"href":"https:\/\/partediario.com.ar\/index.php?rest_route=\/wp\/v2\/posts\/37643\/revisions\/37646"}],"wp:featuredmedia":[{"embeddable":true,"href":"https:\/\/partediario.com.ar\/index.php?rest_route=\/wp\/v2\/media\/37644"}],"wp:attachment":[{"href":"https:\/\/partediario.com.ar\/index.php?rest_route=%2Fwp%2Fv2%2Fmedia&parent=37643"}],"wp:term":[{"taxonomy":"category","embeddable":true,"href":"https:\/\/partediario.com.ar\/index.php?rest_route=%2Fwp%2Fv2%2Fcategories&post=37643"},{"taxonomy":"post_tag","embeddable":true,"href":"https:\/\/partediario.com.ar\/index.php?rest_route=%2Fwp%2Fv2%2Ftags&post=37643"}],"curies":[{"name":"wp","href":"https:\/\/api.w.org\/{rel}","templated":true}]}}