{"id":37652,"date":"2025-11-25T08:52:54","date_gmt":"2025-11-25T11:52:54","guid":{"rendered":"https:\/\/partediario.com.ar\/?p=37652"},"modified":"2025-11-26T12:15:50","modified_gmt":"2025-11-26T15:15:50","slug":"me-voy-del-cargo-pero-sin-conflicto-con-nadie-senalo-sileoni","status":"publish","type":"post","link":"https:\/\/partediario.com.ar\/?p=37652","title":{"rendered":"\u00abMe voy del cargo, pero sin conflicto con nadie\u00bb, se\u00f1al\u00f3 Sileoni"},"content":{"rendered":"\n<h2 class=\"wp-block-heading\">Alberto Sileoni, quien dej\u00f3 su cargo como director de Cultura y Educaci\u00f3n de la Provincia de Buenos Aires por motivos personales, afirm\u00f3 que se va \u00absin conflicto con nadie\u00bb, a la vez que dijo estar agradecido con el gobernador Axel Kicillof.<\/h2>\n\n\n\n<p>\u00abMe voy del cargo, pero sin conflicto con nadie\u201d, wxpres\u00f3 Sileoni en di\u00e1logo con el programa Sin corbata que se emite por Splendid AM 990.<\/p>\n\n\n\n<p>En la entrevista: \u00abFue muy hablado con el gobernador y tengo mucho agradecimiento hacia \u00e9l\u00bb, dijo<\/p>\n\n\n\n<p>Adem\u00e1s, Sileoni destac\u00f3 que tiene \u00abganas de seguir trabajando, pero desde otro lugar\u201d y se\u00f1al\u00f3 que \u201cimponer la confesi\u00f3n religiosa en las escuelas de gesti\u00f3n p\u00fablica atrasa un mont\u00f3n de a\u00f1os\u201d.<\/p>\n\n\n\n<p>Y agreg\u00f3 que: \u00abEste Gobierno nacional siempre va fragmentando a la sociedad. Naci\u00f3n ha resignado la meta del 6% del PBI dedicado a la Educaci\u00f3n\u201d.<\/p>\n","protected":false},"excerpt":{"rendered":"<p>Alberto Sileoni, quien dej&oacute; su cargo como director de Cultura y Educaci&oacute;n de la Provincia de Buenos Aires por motivos personales, afirm&oacute; que se va &laquo;sin conflicto con nadie&raquo;, a la vez que dijo estar agradecido con el gobernador Axel Kicillof. &laquo;Me voy del cargo, pero sin conflicto con nadie&rdquo;, wxpres&oacute; Sileoni en di&aacute;logo con [&hellip;]<\/p>\n","protected":false},"author":2,"featured_media":37653,"comment_status":"closed","ping_status":"closed","sticky":false,"template":"","format":"standard","meta":{"footnotes":""},"categories":[5,176],"tags":[7202,1112],"class_list":["post-37652","post","type-post","status-publish","format-standard","has-post-thumbnail","hentry","category-nacionales","category-politica","tag-alberto-sileoni","tag-axel-kicillof"],"_links":{"self":[{"href":"https:\/\/partediario.com.ar\/index.php?rest_route=\/wp\/v2\/posts\/37652","targetHints":{"allow":["GET"]}}],"collection":[{"href":"https:\/\/partediario.com.ar\/index.php?rest_route=\/wp\/v2\/posts"}],"about":[{"href":"https:\/\/partediario.com.ar\/index.php?rest_route=\/wp\/v2\/types\/post"}],"author":[{"embeddable":true,"href":"https:\/\/partediario.com.ar\/index.php?rest_route=\/wp\/v2\/users\/2"}],"replies":[{"embeddable":true,"href":"https:\/\/partediario.com.ar\/index.php?rest_route=%2Fwp%2Fv2%2Fcomments&post=37652"}],"version-history":[{"count":1,"href":"https:\/\/partediario.com.ar\/index.php?rest_route=\/wp\/v2\/posts\/37652\/revisions"}],"predecessor-version":[{"id":37654,"href":"https:\/\/partediario.com.ar\/index.php?rest_route=\/wp\/v2\/posts\/37652\/revisions\/37654"}],"wp:featuredmedia":[{"embeddable":true,"href":"https:\/\/partediario.com.ar\/index.php?rest_route=\/wp\/v2\/media\/37653"}],"wp:attachment":[{"href":"https:\/\/partediario.com.ar\/index.php?rest_route=%2Fwp%2Fv2%2Fmedia&parent=37652"}],"wp:term":[{"taxonomy":"category","embeddable":true,"href":"https:\/\/partediario.com.ar\/index.php?rest_route=%2Fwp%2Fv2%2Fcategories&post=37652"},{"taxonomy":"post_tag","embeddable":true,"href":"https:\/\/partediario.com.ar\/index.php?rest_route=%2Fwp%2Fv2%2Ftags&post=37652"}],"curies":[{"name":"wp","href":"https:\/\/api.w.org\/{rel}","templated":true}]}}