{"id":37665,"date":"2025-11-26T12:02:55","date_gmt":"2025-11-26T15:02:55","guid":{"rendered":"https:\/\/partediario.com.ar\/?p=37665"},"modified":"2025-11-27T20:27:32","modified_gmt":"2025-11-27T23:27:32","slug":"es-mejor-que-el-dolar-este-cerca-del-techo-de-la-banda-senalo-szewach","status":"publish","type":"post","link":"https:\/\/partediario.com.ar\/?p=37665","title":{"rendered":"\u201cEs mejor que el d\u00f3lar est\u00e9 cerca del techo de la banda\u00bb, se\u00f1al\u00f3 Szewach"},"content":{"rendered":"\n<h2 class=\"wp-block-heading\">El economista Enrique Szwwach expres\u00f3 que \u201ces mejor que el d\u00f3lar est\u00e9 cerca del techo de la banda\u201d y consider\u00f3 que el esquema de flotaci\u00f3n de la banda deber\u00eda ser modificado para que sea sustentable con la mayor demanda que habr\u00e1 en los pr\u00f3ximos meses.<\/h2>\n\n\n\n<p>Sobre la suba del d\u00f3lar del inicio de la semana plante\u00f3 que en \u201cun mercado libre hay m\u00e1s demanda que oferta y, adem\u00e1s, no sabemos si no intervino el Tesoro\u201d.<\/p>\n\n\n\n<p>\u201cNo debemos preocuparnos. Me preocupar\u00eda el caso inverso porque hay que mantener un d\u00f3lar competitivo. Es mejor que est\u00e9 cerca del techo\u201d, indic\u00f3 el ex director del Banco Central.<\/p>\n\n\n\n<p>En declaraciones radiales, se\u00f1al\u00f3 que \u201chabr\u00e1 que repensar\u201d la calibraci\u00f3n de las bandas y evalu\u00f3 que \u201chay que esperar un reacomodamiento\u201d.<\/p>\n\n\n\n<p>Al d\u00eda de hoy, el techo de la banda es de $ 1.508,98 y el piso de $ 927,08, seg\u00fan informaci\u00f3n del Banco Central.<\/p>\n\n\n\n<p>Consultado sobre la comodidad que manifiesta el Gobierno con el actual dise\u00f1o fue contundente: \u201cNo me basar\u00eda en lo que dijo el Gobierno porque ha cambiado mucho\u201d.<\/p>\n\n\n\n<p>Adem\u00e1s, enfatiz\u00f3 que si bien las reformas laboral e impositiva son importantes para la Argentina lo importante es que \u201chaya negocios rentables\u201d para que despu\u00e9s \u201cun empresario pueda evaluar si toma una persona y en qu\u00e9 condiciones\u201d.<\/p>\n\n\n\n<p>\u201cLas reformas son necesarias y dar\u00edan una se\u00f1al de gobernabilidad muy fuerte. Pero Argentina en un pa\u00eds donde las leyes son optativas, o no se cumplen fallos de la Corte. La demanda de trabajo no depende de las leyes, sino de la rentabilidad\u201d, destac\u00f3.<\/p>\n\n\n\n<p>El economista recalc\u00f3 que \u201cpara que la plata se quede en la Argentina (y los d\u00f3lares no salgan del pa\u00eds) tiene que haber negocios\u201d.<\/p>\n\n\n\n<p>\u201cLo primero que hay que tener es rentabilidad y negocio. Las leyes laborales ayudan a facilitar las cosas una vez que ten\u00e9s el negocio y la inversi\u00f3n\u201d, insisti\u00f3.<\/p>\n\n\n\n<p>Szewach dijo que \u201cno hay que hacerse grandes ilusiones de una rebaja de impuestos hasta que no haya un cambio en la relaci\u00f3n Naci\u00f3n-Provincias\u201d y apunt\u00f3 a la continuidad de ingresos brutos, principal fuente de recurso de los estados subnacionales.<\/p>\n\n\n\n<p>\u201cHace falta presupuesto, modernizar relaciones laborales y emprolijar el tema impositivo, pero no es la panacea, no existen las soluciones m\u00e1gicas\u201d, remarc\u00f3.<\/p>\n\n\n\n<p>Sobre el dato de crecimiento de la econom\u00eda que dio a conocer ayer, el INDEC destac\u00f3 la \u201cdistorsi\u00f3n\u201d que existe entre los sectores, citando a los ganadores como la energ\u00eda y los bancos.<\/p>\n\n\n\n<p>#ParteDiario<\/p>\n","protected":false},"excerpt":{"rendered":"<p>El economista Enrique Szwwach expres&oacute; que &ldquo;es mejor que el d&oacute;lar est&eacute; cerca del techo de la banda&rdquo; y consider&oacute; que el esquema de flotaci&oacute;n de la banda deber&iacute;a ser modificado para que sea sustentable con la mayor demanda que habr&aacute; en los pr&oacute;ximos meses. Sobre la suba del d&oacute;lar del inicio de la semana [&hellip;]<\/p>\n","protected":false},"author":2,"featured_media":37666,"comment_status":"closed","ping_status":"closed","sticky":false,"template":"","format":"standard","meta":{"footnotes":""},"categories":[5,176],"tags":[1005,7208],"class_list":["post-37665","post","type-post","status-publish","format-standard","has-post-thumbnail","hentry","category-nacionales","category-politica","tag-dolar","tag-enrique-szwwach"],"_links":{"self":[{"href":"https:\/\/partediario.com.ar\/index.php?rest_route=\/wp\/v2\/posts\/37665","targetHints":{"allow":["GET"]}}],"collection":[{"href":"https:\/\/partediario.com.ar\/index.php?rest_route=\/wp\/v2\/posts"}],"about":[{"href":"https:\/\/partediario.com.ar\/index.php?rest_route=\/wp\/v2\/types\/post"}],"author":[{"embeddable":true,"href":"https:\/\/partediario.com.ar\/index.php?rest_route=\/wp\/v2\/users\/2"}],"replies":[{"embeddable":true,"href":"https:\/\/partediario.com.ar\/index.php?rest_route=%2Fwp%2Fv2%2Fcomments&post=37665"}],"version-history":[{"count":2,"href":"https:\/\/partediario.com.ar\/index.php?rest_route=\/wp\/v2\/posts\/37665\/revisions"}],"predecessor-version":[{"id":37669,"href":"https:\/\/partediario.com.ar\/index.php?rest_route=\/wp\/v2\/posts\/37665\/revisions\/37669"}],"wp:featuredmedia":[{"embeddable":true,"href":"https:\/\/partediario.com.ar\/index.php?rest_route=\/wp\/v2\/media\/37666"}],"wp:attachment":[{"href":"https:\/\/partediario.com.ar\/index.php?rest_route=%2Fwp%2Fv2%2Fmedia&parent=37665"}],"wp:term":[{"taxonomy":"category","embeddable":true,"href":"https:\/\/partediario.com.ar\/index.php?rest_route=%2Fwp%2Fv2%2Fcategories&post=37665"},{"taxonomy":"post_tag","embeddable":true,"href":"https:\/\/partediario.com.ar\/index.php?rest_route=%2Fwp%2Fv2%2Ftags&post=37665"}],"curies":[{"name":"wp","href":"https:\/\/api.w.org\/{rel}","templated":true}]}}