{"id":37677,"date":"2025-11-27T20:12:47","date_gmt":"2025-11-27T23:12:47","guid":{"rendered":"https:\/\/partediario.com.ar\/?p=37677"},"modified":"2025-11-29T10:38:53","modified_gmt":"2025-11-29T13:38:53","slug":"bullrich-junto-al-bloque-libertario-del-senado-y-se-prepara-para-ejercer-su-liderazgo-en-la-camara-alta","status":"publish","type":"post","link":"https:\/\/partediario.com.ar\/?p=37677","title":{"rendered":"Bullrich junt\u00f3 al bloque libertario del Senado y se prepara para ejercer su liderazgo en la c\u00e1mara alta"},"content":{"rendered":"\n<h2 class=\"wp-block-heading\">La ministra de Seguridad saliente, Patricia Bullrich, quien jurar\u00e1 este viernes como senadora nacional, mantuvo una reuni\u00f3n este jueves a la tropa libertaria que le tocar\u00e1 liderar con \u00abmano de hierro\u00bb cuando asuma el cargo el 10 de diciembre.<\/h2>\n\n\n\n<p>Luego de haber ganado de forma contundente en las elecciones del 26 de octubre con m\u00e1s del 52% de los votos, la ministra recibi\u00f3 el apoyo de la secretaria general de la Presidencia, Karina Milei, para convertirse en la nueva presidenta del bloque de La Libertad Avanza en la C\u00e1mara alta, en reemplazo del juje\u00f1o Ezequiel Atauche.<\/p>\n\n\n\n<p>\u00abReuni\u00f3n del pr\u00f3ximo bloque de Senadores de LLA. El 10 de diciembre cambia la fuerza, cambian las prioridades y empieza una nueva etapa en el nuevo Congreso: orden, responsabilidad y trabajo para defender el esfuerzo de los argentinos\u00bb, expres\u00f3 Bullrich en su cuenta de la red social X.<\/p>\n\n\n\n<p><\/p>\n\n\n\n<figure class=\"wp-block-image size-full\"><img loading=\"lazy\" decoding=\"async\" width=\"634\" height=\"720\" src=\"https:\/\/partediario.com.ar\/wp-content\/uploads\/Patricia-Bullrich.png\" alt=\"\" class=\"wp-image-37678\" srcset=\"https:\/\/partediario.com.ar\/wp-content\/uploads\/Patricia-Bullrich.png 634w, https:\/\/partediario.com.ar\/wp-content\/uploads\/Patricia-Bullrich-264x300.png 264w\" sizes=\"auto, (max-width: 634px) 100vw, 634px\" \/><\/figure>\n\n\n\n<p><\/p>\n\n\n\n<p>La nueva \u201cDama de Hierro\u201d arriba al Congreso con largos pergaminos, especialmente por su gesti\u00f3n al frente de la cartera de Seguridad, y con la misi\u00f3n, entre otras, de reparar la falta de liderazgo pol\u00edtico en una c\u00e1mara donde su titular, la vicepresidenta Victoria Villarruel, no sigui\u00f3 al pie de la letra el gui\u00f3n que la Casa Rosada ten\u00eda preparado para ella.<\/p>\n\n\n\n<p>Cabe recordar que por sus \u00abdesobediencias\u00bb, la presidenta del Senado fue acusada de conspirar contra el proyecto libertario del presidente Javier Milei.<\/p>\n\n\n\n<p>La llegada de Bullrich apunta justamente a darle mayor organizaci\u00f3n y conducci\u00f3n pol\u00edtica a un bloque que ser\u00e1 m\u00e1s numeroso desde diciembre, y para ser la contracara de Villarruel, quien luego de tomar distancia de Milei ratific\u00f3 que su rol ser\u00e1 institucional y no pol\u00edtico.<\/p>\n","protected":false},"excerpt":{"rendered":"<p>La ministra de Seguridad saliente, Patricia Bullrich, quien jurar&aacute; este viernes como senadora nacional, mantuvo una reuni&oacute;n este jueves a la tropa libertaria que le tocar&aacute; liderar con &laquo;mano de hierro&raquo; cuando asuma el cargo el 10 de diciembre. Luego de haber ganado de forma contundente en las elecciones del 26 de octubre con m&aacute;s [&hellip;]<\/p>\n","protected":false},"author":2,"featured_media":37679,"comment_status":"closed","ping_status":"closed","sticky":false,"template":"","format":"standard","meta":{"footnotes":""},"categories":[5,176],"tags":[3184,3687,510,373,230],"class_list":["post-37677","post","type-post","status-publish","format-standard","has-post-thumbnail","hentry","category-nacionales","category-politica","tag-bloque","tag-libertario","tag-patricia-bullrich","tag-reunion","tag-senado"],"_links":{"self":[{"href":"https:\/\/partediario.com.ar\/index.php?rest_route=\/wp\/v2\/posts\/37677","targetHints":{"allow":["GET"]}}],"collection":[{"href":"https:\/\/partediario.com.ar\/index.php?rest_route=\/wp\/v2\/posts"}],"about":[{"href":"https:\/\/partediario.com.ar\/index.php?rest_route=\/wp\/v2\/types\/post"}],"author":[{"embeddable":true,"href":"https:\/\/partediario.com.ar\/index.php?rest_route=\/wp\/v2\/users\/2"}],"replies":[{"embeddable":true,"href":"https:\/\/partediario.com.ar\/index.php?rest_route=%2Fwp%2Fv2%2Fcomments&post=37677"}],"version-history":[{"count":1,"href":"https:\/\/partediario.com.ar\/index.php?rest_route=\/wp\/v2\/posts\/37677\/revisions"}],"predecessor-version":[{"id":37680,"href":"https:\/\/partediario.com.ar\/index.php?rest_route=\/wp\/v2\/posts\/37677\/revisions\/37680"}],"wp:featuredmedia":[{"embeddable":true,"href":"https:\/\/partediario.com.ar\/index.php?rest_route=\/wp\/v2\/media\/37679"}],"wp:attachment":[{"href":"https:\/\/partediario.com.ar\/index.php?rest_route=%2Fwp%2Fv2%2Fmedia&parent=37677"}],"wp:term":[{"taxonomy":"category","embeddable":true,"href":"https:\/\/partediario.com.ar\/index.php?rest_route=%2Fwp%2Fv2%2Fcategories&post=37677"},{"taxonomy":"post_tag","embeddable":true,"href":"https:\/\/partediario.com.ar\/index.php?rest_route=%2Fwp%2Fv2%2Ftags&post=37677"}],"curies":[{"name":"wp","href":"https:\/\/api.w.org\/{rel}","templated":true}]}}