{"id":37685,"date":"2025-11-27T20:27:08","date_gmt":"2025-11-27T23:27:08","guid":{"rendered":"https:\/\/partediario.com.ar\/?p=37685"},"modified":"2025-11-29T10:38:43","modified_gmt":"2025-11-29T13:38:43","slug":"afa-suspendio-por-6-meses-a-juan-sebastian-veron-como-presidente-de-estudiantes-de-la-plata","status":"publish","type":"post","link":"https:\/\/partediario.com.ar\/?p=37685","title":{"rendered":"AFA suspendi\u00f3 por 6 meses a Juan Sebasti\u00e1n Ver\u00f3n como presidente de Estudiantes de la Plata"},"content":{"rendered":"\n<h2 class=\"wp-block-heading\">El Tribunal de Disciplina de la Asociaci\u00f3n del F\u00fatbol Argentino confirm\u00f3 el fallo contra Estudiantes de La Plata por el pasillo de espaldas a Rosario Central.<\/h2>\n\n\n\n<p>De acuerdo al fallo del Tribunal de Disciplina, el presidente del club, Juan Sebasti\u00e1n Ver\u00f3n, quedo suspendido durante seis meses para \u201ctoda actividad relacionada con el f\u00fatbol, por infracci\u00f3n al art\u00edculo 12 del C\u00f3digo Disciplinario\u201d.<\/p>\n\n\n\n<p>Los jugadores del club involucrados tambi\u00e9n fueron sancionados con dos fechas de suspensi\u00f3n. Seg\u00fan indic\u00f3 el fallo, los futbolistas que deber\u00e1n cumplir el castigo ser\u00e1n: Muslera Micol N\u00e9stor Fernando, G\u00f3mez Rom\u00e1n Agust\u00edn, N\u00fa\u00f1ez Santiago Misael, Palacios Tiago Asael, Far\u00edas Facundo Hern\u00e1n, Gonz\u00e1lez P\u00e9rez Leandro Mart\u00edn, Arzamendia Santiago Daniel, Cetre Angulo Eduwin Stiven, Piovi Lucas Ezequiel, Medina Cristian Nicol\u00e1s y Amondarain Mikel Jes\u00fas.<\/p>\n\n\n\n<p>No obstante, en el tercer punto del fallo, la AFA aclar\u00f3 que las \u201csuspensiones impuestas en el punto 2\u201d, es decir, las de los futbolistas, se cumplir\u00e1n reci\u00e9n en el pr\u00f3ximo torneo oficial. Por lo tanto, el duelo ante Central C\u00f3rdoba por los cuartos de final de los Playoffs no se ver\u00e1 afectado por estas sanciones.<\/p>\n\n\n\n<p>En el plano futbol\u00edstico, otra resoluci\u00f3n impacta directamente en el armado del equipo de Eduardo Dom\u00ednguez: Santiago N\u00fa\u00f1ez no podr\u00e1 llevar la cinta de capit\u00e1n durante tres meses. El Tribunal se\u00f1al\u00f3 que se trata de una medida accesoria motivada por su rol de liderazgo dentro del plantel y por las facultades disciplinarias previstas en el reglamento.<\/p>\n\n\n\n<p>Juan Sebasti\u00e1n Ver\u00f3n deber\u00e1 afrontar adem\u00e1s una multa de 4.000 d\u00f3lares por \u201cconducta ofensiva y violaci\u00f3n de los principios del juego limpio\u201d.<\/p>\n\n\n\n<p>Por \u00faltimo, el Tribunal dispuso continuar las actuaciones sobre otros integrantes de la Comisi\u00f3n Directiva de Estudiantes, con el fin de determinar si corresponden nuevas sanciones por los hechos investigados.<\/p>\n\n\n\n<p><\/p>\n\n\n\n<figure class=\"wp-block-image size-full\"><img loading=\"lazy\" decoding=\"async\" width=\"422\" height=\"720\" src=\"https:\/\/partediario.com.ar\/wp-content\/uploads\/Suspension-Juan-Sebastian-Veron.webp\" alt=\"\" class=\"wp-image-37686\" srcset=\"https:\/\/partediario.com.ar\/wp-content\/uploads\/Suspension-Juan-Sebastian-Veron.webp 422w, https:\/\/partediario.com.ar\/wp-content\/uploads\/Suspension-Juan-Sebastian-Veron-176x300.webp 176w\" sizes=\"auto, (max-width: 422px) 100vw, 422px\" \/><\/figure>\n\n\n\n<p><\/p>\n\n\n\n<p>El fallo gener\u00f3 un fuerte impacto institucional en Estudiantes, que ahora deber\u00e1 reorganizar su estructura dirigencial y deportiva mientras avanza la investigaci\u00f3n. La suspensi\u00f3n de Ver\u00f3n, figura central en la conducci\u00f3n del club, obliga a una redistribuci\u00f3n de responsabilidades en un momento clave de la competencia, aunque desde la entidad aseguran que el trabajo cotidiano continuar\u00e1 con normalidad.<\/p>\n\n\n\n<p>Paralelamente, el plantel profesional se prepara para el cruce ante Central C\u00f3rdoba con la mirada puesta en lo deportivo y buscando aislarse de la controversia. El cuerpo t\u00e9cnico intenta que el foco se mantenga en los Playoffs, mientras aguarda que el club resuelva internamente las consecuencias del fallo disciplinario.<\/p>\n\n\n\n<p>En este escenario, Estudiantes afrontar\u00e1 el tramo decisivo del torneo con desaf\u00edos tanto dentro como fuera de la cancha.<\/p>\n","protected":false},"excerpt":{"rendered":"<p>El Tribunal de Disciplina de la Asociaci&oacute;n del F&uacute;tbol Argentino confirm&oacute; el fallo contra Estudiantes de La Plata por el pasillo de espaldas a Rosario Central. De acuerdo al fallo del Tribunal de Disciplina, el presidente del club, Juan Sebasti&aacute;n Ver&oacute;n, quedo suspendido durante seis meses para &ldquo;toda actividad relacionada con el f&uacute;tbol, por infracci&oacute;n [&hellip;]<\/p>\n","protected":false},"author":2,"featured_media":37687,"comment_status":"closed","ping_status":"closed","sticky":false,"template":"","format":"standard","meta":{"footnotes":""},"categories":[4,979],"tags":[1693,7215,7214,730],"class_list":["post-37685","post","type-post","status-publish","format-standard","has-post-thumbnail","hentry","category-deportes","category-judiciales","tag-afa","tag-estudiantes-de-la-plata","tag-juan-sebastian-veron","tag-suspension"],"_links":{"self":[{"href":"https:\/\/partediario.com.ar\/index.php?rest_route=\/wp\/v2\/posts\/37685","targetHints":{"allow":["GET"]}}],"collection":[{"href":"https:\/\/partediario.com.ar\/index.php?rest_route=\/wp\/v2\/posts"}],"about":[{"href":"https:\/\/partediario.com.ar\/index.php?rest_route=\/wp\/v2\/types\/post"}],"author":[{"embeddable":true,"href":"https:\/\/partediario.com.ar\/index.php?rest_route=\/wp\/v2\/users\/2"}],"replies":[{"embeddable":true,"href":"https:\/\/partediario.com.ar\/index.php?rest_route=%2Fwp%2Fv2%2Fcomments&post=37685"}],"version-history":[{"count":1,"href":"https:\/\/partediario.com.ar\/index.php?rest_route=\/wp\/v2\/posts\/37685\/revisions"}],"predecessor-version":[{"id":37688,"href":"https:\/\/partediario.com.ar\/index.php?rest_route=\/wp\/v2\/posts\/37685\/revisions\/37688"}],"wp:featuredmedia":[{"embeddable":true,"href":"https:\/\/partediario.com.ar\/index.php?rest_route=\/wp\/v2\/media\/37687"}],"wp:attachment":[{"href":"https:\/\/partediario.com.ar\/index.php?rest_route=%2Fwp%2Fv2%2Fmedia&parent=37685"}],"wp:term":[{"taxonomy":"category","embeddable":true,"href":"https:\/\/partediario.com.ar\/index.php?rest_route=%2Fwp%2Fv2%2Fcategories&post=37685"},{"taxonomy":"post_tag","embeddable":true,"href":"https:\/\/partediario.com.ar\/index.php?rest_route=%2Fwp%2Fv2%2Ftags&post=37685"}],"curies":[{"name":"wp","href":"https:\/\/api.w.org\/{rel}","templated":true}]}}