{"id":37689,"date":"2025-11-29T10:28:16","date_gmt":"2025-11-29T13:28:16","guid":{"rendered":"https:\/\/partediario.com.ar\/?p=37689"},"modified":"2025-12-01T18:06:10","modified_gmt":"2025-12-01T21:06:10","slug":"provincia-de-buenos-aires-el-boleto-de-colectivo-aumentara-144-en-diciembre","status":"publish","type":"post","link":"https:\/\/partediario.com.ar\/?p=37689","title":{"rendered":"Provincia de Buenos Aires: el boleto de colectivo aumentar\u00e1 14,4% en diciembre"},"content":{"rendered":"\n<h2 class=\"wp-block-heading\">El boleto de los colectivo bonaerenses que circulan en el \u00c1rea Metropolitana de Buenos Aires (AMBA) finalmente subir\u00e1 un 14,4% en diciembre por un aumento extraordinario propuesto por el Gobierno provincial.<\/h2>\n\n\n\n<p>La medida fue oficializada este viernes en el Bolet\u00edn Oficial de la provincia de Buenos Aires, en donde se explica la justificaci\u00f3n de este nuevo aumento.<\/p>\n\n\n\n<p>El aumento en cuesti\u00f3n es de un 10% extra al c\u00e1lculo mensual de inflaci\u00f3n (2,4% seg\u00fan IPC en GBA) + 2 puntos.<\/p>\n\n\n\n<p>Este n\u00famero se calcula en base a la inflaci\u00f3n del Gran Buenos Aires, realizada por el INDEC, en el mes previo al que se aplica la actualizaci\u00f3n m\u00e1s un 2%.<\/p>\n\n\n\n<p>Teniendo en cuenta que para la regi\u00f3n GBA, el \u00cdndice de Precios al Consumidor (IPC) de octubre arroj\u00f3 un alza del 2,4%, el aumento por este mecanismo llega al 4,4% en diciembre.<\/p>\n\n\n\n<p>La medida tiene el objetivo de \u201crecomponer los ingresos del sistema, incrementando la recaudaci\u00f3n tarifaria en la estructura de financiamiento del servicio y reduciendo la necesidad de aportes derivados del R\u00e9gimen de Compensaciones Tarifarias\u201d, seg\u00fan se se\u00f1al\u00f3 en el Bolet\u00edn Oficial.<\/p>\n\n\n\n<p>De este modo, el aumento total para diciembre quedar\u00e1 en 14,4% y comenzar\u00e1 a regir a partir del pr\u00f3ximo lunes<\/p>\n\n\n\n<p>Previo a oficializar el incremento, el Gobierno bonaerense hab\u00eda puesto a consideraci\u00f3n de la poblaci\u00f3n de ese distrito el ajuste tarifario, mediante una Consulta Ciudadana.<\/p>\n\n\n\n<p>Esta consulta se llev\u00f3 a cabo \u201ccon el prop\u00f3sito de salvaguardar el derecho de las personas usuarias a expresarse fundadamente, deliberar y formar opini\u00f3n sobre la propuesta tarifaria, garantizando de este modo la defensa de sus intereses econ\u00f3micos y el acceso a una informaci\u00f3n adecuada y veraz\u201d.<\/p>\n\n\n\n<p><strong>Cu\u00e1nto pasar\u00e1 a costar el boleto m\u00ednimo<\/strong><\/p>\n\n\n\n<p>El boleto m\u00ednimo, a partir de dicimebre, pasar\u00e1 a valer m\u00e1s de $650.<br>El boleto m\u00ednimo, a partir de dicimebre, pasar\u00e1 a valer m\u00e1s de $650.<\/p>\n\n\n\n<p>Con el nuevo incremento, las l\u00edneas del 200 en adelante que circulen dentro del AMBA y en los partidos de La Plata, Berisso y Ensenada quedar\u00e1n con un boleto m\u00ednimo superior a $600.<\/p>\n\n\n\n<p>Dependiendo la distancia del recorrido, el boleto m\u00ednimo comienza en $658,44 (0 a 3km) y asciende hasta los $900 en tramos superiores a los 27 kil\u00f3metros.<\/p>\n\n\n\n<ul class=\"wp-block-list\">\n<li>0 a 3 kil\u00f3metros: $658,44<\/li>\n\n\n\n<li>3 a 6 kil\u00f3metros: $733,5<\/li>\n\n\n\n<li>6 a 12 kil\u00f3metros: $790<\/li>\n\n\n\n<li>12 a 27 kil\u00f3metros: $846,57<\/li>\n\n\n\n<li>m\u00e1s de 27 kil\u00f3metros: $902,73<\/li>\n<\/ul>\n\n\n\n<p>Estos precios corresponden al boleto con tarifa plena, es decir, sin recibir subsidios ni poseer atributos sociales.<\/p>\n\n\n\n<p>#ParteDiario<\/p>\n","protected":false},"excerpt":{"rendered":"<p>El boleto de los colectivo bonaerenses que circulan en el &Aacute;rea Metropolitana de Buenos Aires (AMBA) finalmente subir&aacute; un 14,4% en diciembre por un aumento extraordinario propuesto por el Gobierno provincial. La medida fue oficializada este viernes en el Bolet&iacute;n Oficial de la provincia de Buenos Aires, en donde se explica la justificaci&oacute;n de este [&hellip;]<\/p>\n","protected":false},"author":2,"featured_media":37690,"comment_status":"closed","ping_status":"closed","sticky":false,"template":"","format":"standard","meta":{"footnotes":""},"categories":[176,8,726],"tags":[622,1328,721,3189,496],"class_list":["post-37689","post","type-post","status-publish","format-standard","has-post-thumbnail","hentry","category-politica","category-provinciales","category-sociedad","tag-aumento","tag-boleto","tag-buenos-aires","tag-colectivo","tag-provincia"],"_links":{"self":[{"href":"https:\/\/partediario.com.ar\/index.php?rest_route=\/wp\/v2\/posts\/37689","targetHints":{"allow":["GET"]}}],"collection":[{"href":"https:\/\/partediario.com.ar\/index.php?rest_route=\/wp\/v2\/posts"}],"about":[{"href":"https:\/\/partediario.com.ar\/index.php?rest_route=\/wp\/v2\/types\/post"}],"author":[{"embeddable":true,"href":"https:\/\/partediario.com.ar\/index.php?rest_route=\/wp\/v2\/users\/2"}],"replies":[{"embeddable":true,"href":"https:\/\/partediario.com.ar\/index.php?rest_route=%2Fwp%2Fv2%2Fcomments&post=37689"}],"version-history":[{"count":2,"href":"https:\/\/partediario.com.ar\/index.php?rest_route=\/wp\/v2\/posts\/37689\/revisions"}],"predecessor-version":[{"id":37692,"href":"https:\/\/partediario.com.ar\/index.php?rest_route=\/wp\/v2\/posts\/37689\/revisions\/37692"}],"wp:featuredmedia":[{"embeddable":true,"href":"https:\/\/partediario.com.ar\/index.php?rest_route=\/wp\/v2\/media\/37690"}],"wp:attachment":[{"href":"https:\/\/partediario.com.ar\/index.php?rest_route=%2Fwp%2Fv2%2Fmedia&parent=37689"}],"wp:term":[{"taxonomy":"category","embeddable":true,"href":"https:\/\/partediario.com.ar\/index.php?rest_route=%2Fwp%2Fv2%2Fcategories&post=37689"},{"taxonomy":"post_tag","embeddable":true,"href":"https:\/\/partediario.com.ar\/index.php?rest_route=%2Fwp%2Fv2%2Ftags&post=37689"}],"curies":[{"name":"wp","href":"https:\/\/api.w.org\/{rel}","templated":true}]}}