{"id":37693,"date":"2025-11-29T10:33:21","date_gmt":"2025-11-29T13:33:21","guid":{"rendered":"https:\/\/partediario.com.ar\/?p=37693"},"modified":"2025-12-01T18:06:06","modified_gmt":"2025-12-01T21:06:06","slug":"coimas-en-andis-indagaron-a-dos-ex-funcionarios","status":"publish","type":"post","link":"https:\/\/partediario.com.ar\/?p=37693","title":{"rendered":"Coimas en ANDIS: indagaron a dos ex funcionarios"},"content":{"rendered":"\n<h2 class=\"wp-block-heading\">La causa por las presentas coimas alrededor de la Agencia Nacional de Discapacidad (Andis), continu\u00f3 este viernes con la indagatoria de dos ex funcionarios de la entidad que, de acuerdo a la investigaci\u00f3n, ten\u00edan v\u00ednculos con el empresario Miguel \u00c1ngel Calvete.<\/h2>\n\n\n\n<p>Se trata de Eduardo Nelio Gonz\u00e1lez, ex director del organismo, y de Lorena Di Giorno, quien se encargaba de las compras en la entidad.<\/p>\n\n\n\n<p>Ambos pasaron en los tribunales federales de Comodoro Py y fueron indagados por el fiscal de la causa; los dos hab\u00edan sido citados porque contaban con acceso al sistema de compras de Andis, a trav\u00e9s del cual se habr\u00eda realizado el desv\u00edo de fondos.<\/p>\n\n\n\n<p>Gonz\u00e1lez declar\u00f3 ante el juez Sebasti\u00e1n Casanello y neg\u00f3 las acusaciones. No contest\u00f3 preguntas del magistrado ni del fiscal Franco Picardi. Estaba acusado de haber seguido instrucciones extraoficiales de Calvete en beneficio de un conjunto de compa\u00f1\u00edas.<\/p>\n\n\n\n<p>Di Giorno, quien integraba el \u00e1rea de compras investigada, opt\u00f3 por su parte por no declarar, seg\u00fan se supo de fuentes judiciales.<\/p>\n\n\n\n<p>Seg\u00fan la investigaci\u00f3n, ambos manten\u00edan un v\u00ednculo directo con Calvete y compart\u00edan sociedades comerciales con \u00e9l.<\/p>\n\n\n\n<p>En el caso de Gonz\u00e1lez, integr\u00f3 junto a Calvete la firma Proveedora Integral de Supermercados Chinos S.R.L., que comparte domicilio con Indecomm SRL, consultora del empresario.<\/p>\n\n\n\n<p>Calvete, arrestado en otra causa en la que fue condenado en 2019, est\u00e1 considerado como una pieza central en esta investigaci\u00f3n judicial.<\/p>\n\n\n\n<p>A partir de allanamientos llevados a cabo en domicilios vinculados a los implicados, la fiscal\u00eda obtuvo elementos que indican presuntos pagos ilegales de Calvete a Gonz\u00e1lez.<\/p>\n\n\n\n<p>#ParteDiario<\/p>\n","protected":false},"excerpt":{"rendered":"<p>La causa por las presentas coimas alrededor de la Agencia Nacional de Discapacidad (Andis), continu&oacute; este viernes con la indagatoria de dos ex funcionarios de la entidad que, de acuerdo a la investigaci&oacute;n, ten&iacute;an v&iacute;nculos con el empresario Miguel &Aacute;ngel Calvete. Se trata de Eduardo Nelio Gonz&aacute;lez, ex director del organismo, y de Lorena Di [&hellip;]<\/p>\n","protected":false},"author":2,"featured_media":37694,"comment_status":"closed","ping_status":"closed","sticky":false,"template":"","format":"standard","meta":{"footnotes":""},"categories":[979,5,176],"tags":[1904,5514,7219,7218,3697,7220],"class_list":["post-37693","post","type-post","status-publish","format-standard","has-post-thumbnail","hentry","category-judiciales","category-nacionales","category-politica","tag-andis","tag-coimas","tag-eduardo-nelio-gonzalez","tag-ex-funcionarios","tag-indagatoria","tag-lorena-di-giorno"],"_links":{"self":[{"href":"https:\/\/partediario.com.ar\/index.php?rest_route=\/wp\/v2\/posts\/37693","targetHints":{"allow":["GET"]}}],"collection":[{"href":"https:\/\/partediario.com.ar\/index.php?rest_route=\/wp\/v2\/posts"}],"about":[{"href":"https:\/\/partediario.com.ar\/index.php?rest_route=\/wp\/v2\/types\/post"}],"author":[{"embeddable":true,"href":"https:\/\/partediario.com.ar\/index.php?rest_route=\/wp\/v2\/users\/2"}],"replies":[{"embeddable":true,"href":"https:\/\/partediario.com.ar\/index.php?rest_route=%2Fwp%2Fv2%2Fcomments&post=37693"}],"version-history":[{"count":2,"href":"https:\/\/partediario.com.ar\/index.php?rest_route=\/wp\/v2\/posts\/37693\/revisions"}],"predecessor-version":[{"id":37696,"href":"https:\/\/partediario.com.ar\/index.php?rest_route=\/wp\/v2\/posts\/37693\/revisions\/37696"}],"wp:featuredmedia":[{"embeddable":true,"href":"https:\/\/partediario.com.ar\/index.php?rest_route=\/wp\/v2\/media\/37694"}],"wp:attachment":[{"href":"https:\/\/partediario.com.ar\/index.php?rest_route=%2Fwp%2Fv2%2Fmedia&parent=37693"}],"wp:term":[{"taxonomy":"category","embeddable":true,"href":"https:\/\/partediario.com.ar\/index.php?rest_route=%2Fwp%2Fv2%2Fcategories&post=37693"},{"taxonomy":"post_tag","embeddable":true,"href":"https:\/\/partediario.com.ar\/index.php?rest_route=%2Fwp%2Fv2%2Ftags&post=37693"}],"curies":[{"name":"wp","href":"https:\/\/api.w.org\/{rel}","templated":true}]}}