{"id":37697,"date":"2025-11-29T10:38:18","date_gmt":"2025-11-29T13:38:18","guid":{"rendered":"https:\/\/partediario.com.ar\/?p=37697"},"modified":"2025-12-01T18:06:02","modified_gmt":"2025-12-01T21:06:02","slug":"empleo-la-caida-en-el-sector-privado-fue-seis-veces-mayor-que-el-publico","status":"publish","type":"post","link":"https:\/\/partediario.com.ar\/?p=37697","title":{"rendered":"Empleo: la ca\u00edda en el sector privado fue seis veces mayor que el p\u00fablico"},"content":{"rendered":"\n<h2 class=\"wp-block-heading\">Un nuevo informe del Instituto Interdisciplinario de Econom\u00eda Pol\u00edtica (IIEP) de la UBA, confirm\u00f3 que el ajuste del empleo en la Argentina impact\u00f3 con mayor fuerza al sector privado. El informe destaca que la p\u00e9rdida de puestos de trabajo formales en las empresas fue seis veces mayor que la registrada en el sector p\u00fablico.<\/h2>\n\n\n\n<p>Seg\u00fan se extracta del estudio, el empleo asalariado formal registr\u00f3 una ca\u00edda ininterrumpida desde el mes de mayo. Los datos desagregados de agosto reflejan la magnitud del achique:<\/p>\n\n\n\n<p>Puestos totales perdidos: 13.100<br>P\u00e9rdida en el sector privado: 10.600 puestos de trabajo<br>P\u00e9rdida en el sector p\u00fablico: 1.700 puestos de trabajo<\/p>\n\n\n\n<p>La contracci\u00f3n, que afecta principalmente a las empresas, describe un panorama de estancamiento donde solo el empleo formal en casas particulares logr\u00f3 mantenerse estable.<\/p>\n\n\n\n<p><strong>El salario m\u00ednimo en un valor inferior al de 2001<\/strong><\/p>\n\n\n\n<p>En paralelo a la ca\u00edda del empleo, el estudio del IIEP revela el colapso hist\u00f3rico del poder adquisitivo del salario m\u00ednimo, vital y m\u00f3vil (SMVM):<\/p>\n\n\n\n<p>Entre noviembre de 2023 y octubre de 2025, el SMVM acumul\u00f3 una ca\u00edda real del 35%.<\/p>\n\n\n\n<p>El salario m\u00ednimo real de octubre de 2025 se ubica en un valor inferior al registrado en el a\u00f1o 2001, antes del colapso de la convertibilidad.<\/p>\n\n\n\n<p>El valor actual del SMVM representa solo un tercio (36%) del valor m\u00e1ximo de la serie hist\u00f3rica, alcanzado en septiembre de 2011 (una erosi\u00f3n del 64%).<\/p>\n\n\n\n<p>La contracci\u00f3n del poder adquisitivo se profundiz\u00f3 notablemente en los \u00faltimos meses, con ca\u00eddas en julio (-0,5%), agosto (-0,5%), septiembre (-2,0%) y octubre (-2,3%), consolidando una tendencia decreciente desde la aceleraci\u00f3n inflacionaria iniciada a finales de 2023.<\/p>\n\n\n\n<p>#ParteDiario<\/p>\n","protected":false},"excerpt":{"rendered":"<p>Un nuevo informe del Instituto Interdisciplinario de Econom&iacute;a Pol&iacute;tica (IIEP) de la UBA, confirm&oacute; que el ajuste del empleo en la Argentina impact&oacute; con mayor fuerza al sector privado. El informe destaca que la p&eacute;rdida de puestos de trabajo formales en las empresas fue seis veces mayor que la registrada en el sector p&uacute;blico. Seg&uacute;n [&hellip;]<\/p>\n","protected":false},"author":2,"featured_media":37698,"comment_status":"closed","ping_status":"closed","sticky":false,"template":"","format":"standard","meta":{"footnotes":""},"categories":[5,176],"tags":[559,1742,6871,2634,4930,3352],"class_list":["post-37697","post","type-post","status-publish","format-standard","has-post-thumbnail","hentry","category-nacionales","category-politica","tag-caida","tag-empleo","tag-iiep","tag-privado","tag-sector","tag-uba"],"_links":{"self":[{"href":"https:\/\/partediario.com.ar\/index.php?rest_route=\/wp\/v2\/posts\/37697","targetHints":{"allow":["GET"]}}],"collection":[{"href":"https:\/\/partediario.com.ar\/index.php?rest_route=\/wp\/v2\/posts"}],"about":[{"href":"https:\/\/partediario.com.ar\/index.php?rest_route=\/wp\/v2\/types\/post"}],"author":[{"embeddable":true,"href":"https:\/\/partediario.com.ar\/index.php?rest_route=\/wp\/v2\/users\/2"}],"replies":[{"embeddable":true,"href":"https:\/\/partediario.com.ar\/index.php?rest_route=%2Fwp%2Fv2%2Fcomments&post=37697"}],"version-history":[{"count":1,"href":"https:\/\/partediario.com.ar\/index.php?rest_route=\/wp\/v2\/posts\/37697\/revisions"}],"predecessor-version":[{"id":37699,"href":"https:\/\/partediario.com.ar\/index.php?rest_route=\/wp\/v2\/posts\/37697\/revisions\/37699"}],"wp:featuredmedia":[{"embeddable":true,"href":"https:\/\/partediario.com.ar\/index.php?rest_route=\/wp\/v2\/media\/37698"}],"wp:attachment":[{"href":"https:\/\/partediario.com.ar\/index.php?rest_route=%2Fwp%2Fv2%2Fmedia&parent=37697"}],"wp:term":[{"taxonomy":"category","embeddable":true,"href":"https:\/\/partediario.com.ar\/index.php?rest_route=%2Fwp%2Fv2%2Fcategories&post=37697"},{"taxonomy":"post_tag","embeddable":true,"href":"https:\/\/partediario.com.ar\/index.php?rest_route=%2Fwp%2Fv2%2Ftags&post=37697"}],"curies":[{"name":"wp","href":"https:\/\/api.w.org\/{rel}","templated":true}]}}