{"id":3770,"date":"2024-07-01T17:53:38","date_gmt":"2024-07-01T20:53:38","guid":{"rendered":"https:\/\/partediario.com.ar\/?p=3770"},"modified":"2024-07-01T17:53:39","modified_gmt":"2024-07-01T20:53:39","slug":"la-camara-baja-y-el-tribunal-electoral-firmaron-un-convenio-de-cara-a-la-reforma-politica","status":"publish","type":"post","link":"https:\/\/partediario.com.ar\/?p=3770","title":{"rendered":"La C\u00e1mara baja y el Tribunal Electoral firmaron un convenio de cara a la reforma pol\u00edtica"},"content":{"rendered":"\n<p><strong>Gustavo Hein y Leonardo Portela encabezaron un acto por el cual se abri\u00f3 una etapa de articulaci\u00f3n, capacitaci\u00f3n y asistencia mutua entre las instituciones que cada uno preside.<\/strong><\/p>\n\n\n\n<p>La C\u00e1mara de Diputados de Entre R\u00edos y el Tribunal Electoral de la Provincia trabajar\u00e1n en conjunto de cara a la reforma pol\u00edtica que impulsa el Poder Ejecutivo, tras la firma de un convenio efectuada este lunes por los presidentes de ambas instituciones, Gustavo Hein y Leonardo Portela, respectivamente.<\/p>\n\n\n\n<p>El convenio tiene por objeto desarrollar, de acuerdo con mutuas necesidades e intereses, planes o actividades de cooperaci\u00f3n, capacitaci\u00f3n, asistencia t\u00e9cnica e intercambio para la realizaci\u00f3n actividades conjuntas, a trav\u00e9s del Instituto de Capacitaci\u00f3n y Perfeccionamiento en Derecho Electoral Dr. Daniel Albornoz. El acto se llev\u00f3 adelante en el Sal\u00f3n de los Pasos Perdidos de la C\u00e1mara baja.<\/p>\n\n\n\n<p><\/p>\n\n\n\n<figure class=\"wp-block-image size-full\"><img loading=\"lazy\" decoding=\"async\" width=\"1024\" height=\"624\" src=\"https:\/\/partediario.com.ar\/wp-content\/uploads\/1640_3796-1.jpg\" alt=\"\" class=\"wp-image-3772\" srcset=\"https:\/\/partediario.com.ar\/wp-content\/uploads\/1640_3796-1.jpg 1024w, https:\/\/partediario.com.ar\/wp-content\/uploads\/1640_3796-1-300x183.jpg 300w, https:\/\/partediario.com.ar\/wp-content\/uploads\/1640_3796-1-768x468.jpg 768w\" sizes=\"auto, (max-width: 1024px) 100vw, 1024px\" \/><\/figure>\n\n\n\n<p><\/p>\n\n\n\n<p>Al respecto, Hein reflexion\u00f3: \u201cEs la oportunidad de trabajar en conjunto con el Tribunal Electoral, en una agenda que se ha impartido a trav\u00e9s del Ejecutivo con la posible reforma electoral, cuyo tratamiento ser\u00e1 en breve en la C\u00e1mara. Y para eso, tenemos que interactuar con las distintas fuerzas y con los distintos poderes, para hablar con conocimiento acerca de los criterios y los matices que puede llegar a haber\u201d.<\/p>\n\n\n\n<p>El titular de la C\u00e1mara coment\u00f3 que se trabaja en un borrador del proyecto y estim\u00f3 que el tratamiento se dar\u00e1 seguramente durante el segundo semestre. Asegur\u00f3 que la iniciativa ir\u00e1 m\u00e1s all\u00e1 de la boleta \u00fanica: \u201cEste convenio va a generar un disparador con respecto a los temas que van a estar involucrados dentro de la reforma electoral\u201d, dijo.<\/p>\n\n\n\n<p>Portela, por su parte, indic\u00f3: \u201cEstamos muy contentos de poder firmar este convenio, porque nuestra impronta es capacitar para que todas las autoridades de mesa, todos los candidatos y el p\u00fablico en general sepan c\u00f3mo se lleva adelante el acto eleccionario, cu\u00e1les son las cosas que se pueden hacer y las que no\u201d.<\/p>\n\n\n\n<p>Luego aclar\u00f3: \u201cNosotros no tenemos ning\u00fan tipo de injerencia en la decisi\u00f3n pol\u00edtica respecto de la reforma de la ley; lo \u00fanico que hacemos es aportar nuestro grano de arena, que es el conocimiento en base a la experiencia de los procesos eleccionarios\u201d.<\/p>\n\n\n\n<p>Tambi\u00e9n participaron del acto el vocal del Tribunal Electoral Daniel Carubia; el secretario general, Lisandro Minigutti; y los diputados Carolina Streitenberger, Liliana Salinas, Julia Calleros, D\u00e9bora Todoni y Roque Fleitas, entre otras autoridades legislativas y judiciales.<\/p>\n","protected":false},"excerpt":{"rendered":"<p>Gustavo Hein y Leonardo Portela encabezaron un acto por el cual se abri&oacute; una etapa de articulaci&oacute;n, capacitaci&oacute;n y asistencia mutua entre las instituciones que cada uno preside. La C&aacute;mara de Diputados de Entre R&iacute;os y el Tribunal Electoral de la Provincia trabajar&aacute;n en conjunto de cara a la reforma pol&iacute;tica que impulsa el Poder [&hellip;]<\/p>\n","protected":false},"author":2,"featured_media":3771,"comment_status":"open","ping_status":"open","sticky":false,"template":"","format":"standard","meta":{"footnotes":""},"categories":[176,8],"tags":[1354,310,257,260,1352,1355],"class_list":["post-3770","post","type-post","status-publish","format-standard","has-post-thumbnail","hentry","category-politica","category-provinciales","tag-daniel-carubia","tag-diputados","tag-entre-rios","tag-gustavo-hein","tag-leonardo-portela","tag-lisandro-minigutti"],"_links":{"self":[{"href":"https:\/\/partediario.com.ar\/index.php?rest_route=\/wp\/v2\/posts\/3770","targetHints":{"allow":["GET"]}}],"collection":[{"href":"https:\/\/partediario.com.ar\/index.php?rest_route=\/wp\/v2\/posts"}],"about":[{"href":"https:\/\/partediario.com.ar\/index.php?rest_route=\/wp\/v2\/types\/post"}],"author":[{"embeddable":true,"href":"https:\/\/partediario.com.ar\/index.php?rest_route=\/wp\/v2\/users\/2"}],"replies":[{"embeddable":true,"href":"https:\/\/partediario.com.ar\/index.php?rest_route=%2Fwp%2Fv2%2Fcomments&post=3770"}],"version-history":[{"count":1,"href":"https:\/\/partediario.com.ar\/index.php?rest_route=\/wp\/v2\/posts\/3770\/revisions"}],"predecessor-version":[{"id":3773,"href":"https:\/\/partediario.com.ar\/index.php?rest_route=\/wp\/v2\/posts\/3770\/revisions\/3773"}],"wp:featuredmedia":[{"embeddable":true,"href":"https:\/\/partediario.com.ar\/index.php?rest_route=\/wp\/v2\/media\/3771"}],"wp:attachment":[{"href":"https:\/\/partediario.com.ar\/index.php?rest_route=%2Fwp%2Fv2%2Fmedia&parent=3770"}],"wp:term":[{"taxonomy":"category","embeddable":true,"href":"https:\/\/partediario.com.ar\/index.php?rest_route=%2Fwp%2Fv2%2Fcategories&post=3770"},{"taxonomy":"post_tag","embeddable":true,"href":"https:\/\/partediario.com.ar\/index.php?rest_route=%2Fwp%2Fv2%2Ftags&post=3770"}],"curies":[{"name":"wp","href":"https:\/\/api.w.org\/{rel}","templated":true}]}}