{"id":37700,"date":"2025-12-01T17:22:50","date_gmt":"2025-12-01T20:22:50","guid":{"rendered":"https:\/\/partediario.com.ar\/?p=37700"},"modified":"2025-12-01T17:32:37","modified_gmt":"2025-12-01T20:32:37","slug":"kicillof-buscara-intentara-dar-una-muestra-de-fuerza-con-intendentes","status":"publish","type":"post","link":"https:\/\/partediario.com.ar\/?p=37700","title":{"rendered":"Kicillof buscar\u00e1 intentar\u00e1 dar una muestra de fuerza con intendentes"},"content":{"rendered":"\n<h2 class=\"wp-block-heading\">El gobernador de la provincia de Buenos Aires, Axel Kicillof, brindar\u00e1 hoy a las 17 una conferencia de prensa, en el Sal\u00f3n Dorado de la Casa de Gobierno situada en La Plata, en medio de la puja por el endeudamiento.<\/h2>\n\n\n\n<p>Seg\u00fan se supo, el encuentro contar\u00e1 con la presencia varios de los intendentes que apoyan la gesti\u00f3n del gobernador bonaerense y buscan mostrar el respaldo que necesita el oficialismo local para los pr\u00f3ximos debates que se realizar\u00e1n en la Legislatura.<\/p>\n\n\n\n<p>Si bien las leyes de Presupuesto para el pr\u00f3ximo a\u00f1o y la normativa tributaria ya fueron aprobados, qued\u00f3 pausado el pedido de toma de deuda, situaci\u00f3n que provoc\u00f3 tensi\u00f3n no s\u00f3lo con la oposici\u00f3n, sino adem\u00e1s en la interna del peronismo, entre el kicillofismo y La C\u00e1mpora.<\/p>\n\n\n\n<p>Por esta situaci\u00f3n, la presencia de los mandatarios municipales es fundamental para el gobernador, ya que demuestra un importante respaldado en este escenario conflictivo.<\/p>\n\n\n\n<p>#ParteDiario<\/p>\n","protected":false},"excerpt":{"rendered":"<p>El gobernador de la provincia de Buenos Aires, Axel Kicillof, brindar&aacute; hoy a las 17 una conferencia de prensa, en el Sal&oacute;n Dorado de la Casa de Gobierno situada en La Plata, en medio de la puja por el endeudamiento. Seg&uacute;n se supo, el encuentro contar&aacute; con la presencia varios de los intendentes que apoyan [&hellip;]<\/p>\n","protected":false},"author":2,"featured_media":29587,"comment_status":"closed","ping_status":"closed","sticky":false,"template":"","format":"standard","meta":{"footnotes":""},"categories":[3273,5,176],"tags":[1112],"class_list":["post-37700","post","type-post","status-publish","format-standard","has-post-thumbnail","hentry","category-destacada","category-nacionales","category-politica","tag-axel-kicillof"],"_links":{"self":[{"href":"https:\/\/partediario.com.ar\/index.php?rest_route=\/wp\/v2\/posts\/37700","targetHints":{"allow":["GET"]}}],"collection":[{"href":"https:\/\/partediario.com.ar\/index.php?rest_route=\/wp\/v2\/posts"}],"about":[{"href":"https:\/\/partediario.com.ar\/index.php?rest_route=\/wp\/v2\/types\/post"}],"author":[{"embeddable":true,"href":"https:\/\/partediario.com.ar\/index.php?rest_route=\/wp\/v2\/users\/2"}],"replies":[{"embeddable":true,"href":"https:\/\/partediario.com.ar\/index.php?rest_route=%2Fwp%2Fv2%2Fcomments&post=37700"}],"version-history":[{"count":2,"href":"https:\/\/partediario.com.ar\/index.php?rest_route=\/wp\/v2\/posts\/37700\/revisions"}],"predecessor-version":[{"id":37702,"href":"https:\/\/partediario.com.ar\/index.php?rest_route=\/wp\/v2\/posts\/37700\/revisions\/37702"}],"wp:featuredmedia":[{"embeddable":true,"href":"https:\/\/partediario.com.ar\/index.php?rest_route=\/wp\/v2\/media\/29587"}],"wp:attachment":[{"href":"https:\/\/partediario.com.ar\/index.php?rest_route=%2Fwp%2Fv2%2Fmedia&parent=37700"}],"wp:term":[{"taxonomy":"category","embeddable":true,"href":"https:\/\/partediario.com.ar\/index.php?rest_route=%2Fwp%2Fv2%2Fcategories&post=37700"},{"taxonomy":"post_tag","embeddable":true,"href":"https:\/\/partediario.com.ar\/index.php?rest_route=%2Fwp%2Fv2%2Ftags&post=37700"}],"curies":[{"name":"wp","href":"https:\/\/api.w.org\/{rel}","templated":true}]}}