{"id":37703,"date":"2025-12-01T17:42:24","date_gmt":"2025-12-01T20:42:24","guid":{"rendered":"https:\/\/partediario.com.ar\/?p=37703"},"modified":"2025-12-01T17:50:09","modified_gmt":"2025-12-01T20:50:09","slug":"bullrich-deja-el-ministerio-de-seguridad-y-adorni-le-agradecio-por-el-orden-en-las-calles","status":"publish","type":"post","link":"https:\/\/partediario.com.ar\/?p=37703","title":{"rendered":"Bullrich deja el ministerio de Seguridad y Adorni le agradeci\u00f3 por \u201cel orden en las calles\u00bb"},"content":{"rendered":"\n<h2 class=\"wp-block-heading\">El jefe de Gabinete, Manuel Adorni, asegur\u00f3 este lunes que \u201cel d\u00e9ficit fiscal es la piedra angular de nuestro plan de Gobierno\u201d, y se\u00f1al\u00f3 que las mejoras econ\u00f3micas deben ser \u201cacompa\u00f1adas por el orden en las calles\u201d, por lo que agradeci\u00f3 la gesti\u00f3n de la saliente ministra de Seguridad Nacional, Patricia Bullrich, quien asumir\u00e1 esta semana como senadora nacional.<\/h2>\n\n\n\n<p>Al hacer un balance del a\u00f1o de Gobierno en una conferencia de prensa en la Casa Rosada, destac\u00f3 el \u201cenorme aporte\u201d de Bullrich y le dio la bienvenida a su sucesora en la cartera de Seguridad Nacional, Alejandra Monteoliva.<\/p>\n\n\n\n<p>\u201cEste ordenamiento de la econom\u00eda tambi\u00e9n tiene que ser acompa\u00f1ado por el orden en las calles. Por eso el Ministerio de Seguridad Nacional avanz\u00f3 con una creaci\u00f3n de la Agencia Nacional de Migraciones para unificar el control migratorio y la seguridad interior en una sola estructura operativa\u201d, subray\u00f3 Adorni.<\/p>\n\n\n\n<p>El jefe de Gabinete recalc\u00f3 \u201cel enorme aporte de la doctora Patricia Bullrich al restablecimiento del orden, en Argentina; cuando asumi\u00f3 como ministra de Seguridad Nacional, la Argentina estaba sumida en un verdadero ba\u00f1o de sangre\u201d, agreg\u00f3.<\/p>\n\n\n\n<p>Se\u00f1al\u00f3 adem\u00e1s que \u201clos piqueteros eran due\u00f1os de las calles; ciudades como Rosario eran zonas liberadas para los narcoterroristas y las Fuerzas de Seguridad estaban atadas de pies y manos para actuar\u201d.<\/p>\n\n\n\n<p>Indic\u00f3 que gracias a la gesti\u00f3n de Bullrich \u201choy los homicidios bajaron un 11,5% interanual y alcanzan la cifra m\u00e1s baja del \u00faltimo cuarto de siglo. Y las Fuerzas de Seguridad han incautado 80.000 kg de droga, r\u00e9cord en la historia de nuestro pa\u00eds\u201d.<\/p>\n\n\n\n<p>Destac\u00f3 \u201cadem\u00e1s, los piqueteros bajaron a cero\u201d, y \u201cdurante el a\u00f1o 2023 se aprobaron leyes claves para desmantelar el crimen organizado, como la Ley Antimafia y aprovechamos para recordarle al Gobernador de la provincia de Buenos Aires que pueda adherir a esta ley para luchar contra el narcoterrorismo, si es que as\u00ed lo desea\u201d, haciendo referencia a Axel Kicillof.<\/p>\n\n\n\n<p>Adorni remarc\u00f3 que \u201clos presos ya no tienen sueldo m\u00ednimo y garantizado, y hoy trabajan mientras cumplen su condena. Adem\u00e1s se cre\u00f3 el Departamento Federal de Investigaciones para perseguir y desarticular el crimen organizado, a imagen y semejanza del FBI estadounidense\u201d.<\/p>\n\n\n\n<p>Record\u00f3 que \u201cse logr\u00f3 aprobar la Ley de Reiterancia y la Ley de Juicio en Ausencias y se fortalecieron las fronteras con el Plan G\u00fcemes y se increment\u00f3 el control en la hidrov\u00eda. Y por sobre todas las cosas, hoy las fuerzas de seguridad tienen el respaldo para actuar\u201d.<\/p>\n\n\n\n<p>\u201cPor eso, en nombre del Gobierno Nacional, quiero darle las gracias a la doctora Bullrich, por su trabajo al servicio de los argentinos. Muchas gracias, Patricia. La labor de la doctora Bullrich al frente del Ministerio de Seguridad Nacional ser\u00e1 recordada por siempre como un ejemplo de valor en la defensa de la vida, la libertad y la propiedad\u201d, afirm\u00f3.<\/p>\n\n\n\n<p>Dijo que antes se \u201cmiraba contemplaci\u00f3n a los delincuentes y se hac\u00eda o\u00eddos sordos al reclamo de los ciudadanos. Un mundo del rev\u00e9s, donde el victimario era visto como la v\u00edctima y donde los delincuentes caminaban libres por las calles mientras los argentinos deb\u00edan encerrarse tras las rejas en sus hogares\u201d.<\/p>\n\n\n\n<p>\u201cLa doctrina Bullrich -a\u00f1adi\u00f3- vino para poner fin a este libertinaje, vino a poner fin a ese r\u00e9gimen an\u00e1rquico que les ataba las manos a las fuerzas del orden y obligaba a la gente a defenderse por sus propios medios. La doctrina Bullrich vino a defender a los argentinos y vino a defender a los que los defienden, porque un pa\u00eds serio es aquel que entiende que la polic\u00eda debe ser respaldada para poder actuar y cuidar bien a sus ciudadanos\u201d.<\/p>\n\n\n\n<p>Destac\u00f3 que a partir de la asunci\u00f3n de la ex ministra como senadora \u201cdesde el 10 de diciembre esa misma doctrina Bullrich ser\u00e1 llevada al Congreso de la Naci\u00f3n Argentina. Un proyecto de pa\u00eds en serio \u2014como el del presidente Milei\u2014 necesita trascender la voluntad del gobierno de turno\u201d, finaliz\u00f3.<\/p>\n\n\n\n<p>#ParteDiario<\/p>\n","protected":false},"excerpt":{"rendered":"<p>El jefe de Gabinete, Manuel Adorni, asegur&oacute; este lunes que &ldquo;el d&eacute;ficit fiscal es la piedra angular de nuestro plan de Gobierno&rdquo;, y se&ntilde;al&oacute; que las mejoras econ&oacute;micas deben ser &ldquo;acompa&ntilde;adas por el orden en las calles&rdquo;, por lo que agradeci&oacute; la gesti&oacute;n de la saliente ministra de Seguridad Nacional, Patricia Bullrich, quien asumir&aacute; esta [&hellip;]<\/p>\n","protected":false},"author":2,"featured_media":37704,"comment_status":"closed","ping_status":"closed","sticky":false,"template":"","format":"standard","meta":{"footnotes":""},"categories":[3273,5,176],"tags":[646,510],"class_list":["post-37703","post","type-post","status-publish","format-standard","has-post-thumbnail","hentry","category-destacada","category-nacionales","category-politica","tag-manuel-adorni","tag-patricia-bullrich"],"_links":{"self":[{"href":"https:\/\/partediario.com.ar\/index.php?rest_route=\/wp\/v2\/posts\/37703","targetHints":{"allow":["GET"]}}],"collection":[{"href":"https:\/\/partediario.com.ar\/index.php?rest_route=\/wp\/v2\/posts"}],"about":[{"href":"https:\/\/partediario.com.ar\/index.php?rest_route=\/wp\/v2\/types\/post"}],"author":[{"embeddable":true,"href":"https:\/\/partediario.com.ar\/index.php?rest_route=\/wp\/v2\/users\/2"}],"replies":[{"embeddable":true,"href":"https:\/\/partediario.com.ar\/index.php?rest_route=%2Fwp%2Fv2%2Fcomments&post=37703"}],"version-history":[{"count":2,"href":"https:\/\/partediario.com.ar\/index.php?rest_route=\/wp\/v2\/posts\/37703\/revisions"}],"predecessor-version":[{"id":37706,"href":"https:\/\/partediario.com.ar\/index.php?rest_route=\/wp\/v2\/posts\/37703\/revisions\/37706"}],"wp:featuredmedia":[{"embeddable":true,"href":"https:\/\/partediario.com.ar\/index.php?rest_route=\/wp\/v2\/media\/37704"}],"wp:attachment":[{"href":"https:\/\/partediario.com.ar\/index.php?rest_route=%2Fwp%2Fv2%2Fmedia&parent=37703"}],"wp:term":[{"taxonomy":"category","embeddable":true,"href":"https:\/\/partediario.com.ar\/index.php?rest_route=%2Fwp%2Fv2%2Fcategories&post=37703"},{"taxonomy":"post_tag","embeddable":true,"href":"https:\/\/partediario.com.ar\/index.php?rest_route=%2Fwp%2Fv2%2Ftags&post=37703"}],"curies":[{"name":"wp","href":"https:\/\/api.w.org\/{rel}","templated":true}]}}