{"id":37707,"date":"2025-12-01T17:53:33","date_gmt":"2025-12-01T20:53:33","guid":{"rendered":"https:\/\/partediario.com.ar\/?p=37707"},"modified":"2025-12-01T17:53:33","modified_gmt":"2025-12-01T20:53:33","slug":"el-gobierno-remarco-que-enviara-en-los-proximos-dias-al-congreso-la-reforma-del-codigo-penal","status":"publish","type":"post","link":"https:\/\/partediario.com.ar\/?p=37707","title":{"rendered":"El Gobierno remarc\u00f3 que enviar\u00e1 en los \u201cpr\u00f3ximos d\u00edas\u201d al Congreso la reforma del C\u00f3digo Penal"},"content":{"rendered":"\n<h2 class=\"wp-block-heading\">El jefe de Gabinete, Manuel Adorni, y la ministra de Seguridad saliente, Patricia Bullrich, ratificaron este lunes que el Gobierno enviar\u00e1 en los pr\u00f3ximos d\u00edas al Congreso el proyecto de reforma del C\u00f3digo Penal, una de las iniciativas de las reformas de segundo orden programadas por el Poder Ejecutivo.<\/h2>\n\n\n\n<p>El proyecto \u201cpondr\u00e1 orden donde antes reinaba la barbarie\u201d porque, seg\u00fan precisaron, garantizar\u00e1 un cambio de doctrina con el objetivo de que \u201clas penas se agraven, la Justicia llegue a tiempo y se termine la puerta giratoria\u201d.<\/p>\n\n\n\n<p>En conferencia desde la Casa Rosada, Adorni ponder\u00f3 \u201cel enorme aporte de Patricia Bullrich al restablecimiento del orden\u201d, y acot\u00f3 que \u201ccuando asumi\u00f3 como ministra la Argentina estaba sumida en un verdadero ba\u00f1o de sangre, los piqueteros eran due\u00f1os de la calle y ciudades como Rosario eran zonas liberadas para los narcoterroristas\u201d.<\/p>\n\n\n\n<p>Por su parte, Bullrich se\u00f1al\u00f3 que el nuevo C\u00f3digo Penal busca \u201cdar vuelta la realidad de cu\u00e1les eran los m\u00e1s favorecidos: los delincuentes, los violadores y los asesinos; que la Justicia llegue a tiempo y que haya cumplimiento efectivo de las penas\u201d.<\/p>\n\n\n\n<p>Adelant\u00f3 que el proyecto prev\u00e9 el \u201cagravamiento de las penas\u201d y proteger\u00e1 a quienes cumplen tareas fundamentales como el \u00e1mbito educativo, los chicos en las escuelas y las personas mayores.<\/p>\n\n\n\n<p>Destac\u00f3 que incorpora la figura de conducci\u00f3n imprudente \u2014reclamo hist\u00f3rico de Madres del Dolor\u2014, el abuso de armas y el concepto de leg\u00edtima defensa, donde \u201cla presunci\u00f3n va a estar siempre a favor de qui\u00e9n se defiende\u201d.<\/p>\n\n\n\n<p>Y afirm\u00f3 que \u201clas v\u00edctimas van a tener una posibilidad de intervenir en todo momento\u201d y que, como consecuencia de las innovaciones, \u201cel 82% de los delitos van a ser con prisi\u00f3n efectiva\u201d.<\/p>\n\n\n\n<p><strong>Sistema ALERTAR<\/strong><\/p>\n\n\n\n<p>Adorni y Bullrich anunciaron adem\u00e1s el lanzamiento del Sistema de Alerta Temprana (ALERTAR), que notificar\u00e1 en tiempo real a la poblaci\u00f3n ante desastres naturales, emergencias meteorol\u00f3gicas y advertencias de seguridad p\u00fablica.<\/p>\n\n\n\n<p>Con una inversi\u00f3n de 12.000 millones de pesos del FSU, permitir\u00e1 enviar un mismo mensaje a todos los dispositivos m\u00f3viles del \u00e1rea afectada, garantizando privacidad y anonimato, inform\u00f3 el Gobierno en un comunicado.<\/p>\n\n\n\n<p>#ParteDiario<\/p>\n","protected":false},"excerpt":{"rendered":"<p>El jefe de Gabinete, Manuel Adorni, y la ministra de Seguridad saliente, Patricia Bullrich, ratificaron este lunes que el Gobierno enviar&aacute; en los pr&oacute;ximos d&iacute;as al Congreso el proyecto de reforma del C&oacute;digo Penal, una de las iniciativas de las reformas de segundo orden programadas por el Poder Ejecutivo. El proyecto &ldquo;pondr&aacute; orden donde antes [&hellip;]<\/p>\n","protected":false},"author":2,"featured_media":37708,"comment_status":"closed","ping_status":"closed","sticky":false,"template":"","format":"standard","meta":{"footnotes":""},"categories":[3273,979,5,176],"tags":[5090,229,224,1777],"class_list":["post-37707","post","type-post","status-publish","format-standard","has-post-thumbnail","hentry","category-destacada","category-judiciales","category-nacionales","category-politica","tag-codigo-penal","tag-congreso","tag-gobierno","tag-reforma"],"_links":{"self":[{"href":"https:\/\/partediario.com.ar\/index.php?rest_route=\/wp\/v2\/posts\/37707","targetHints":{"allow":["GET"]}}],"collection":[{"href":"https:\/\/partediario.com.ar\/index.php?rest_route=\/wp\/v2\/posts"}],"about":[{"href":"https:\/\/partediario.com.ar\/index.php?rest_route=\/wp\/v2\/types\/post"}],"author":[{"embeddable":true,"href":"https:\/\/partediario.com.ar\/index.php?rest_route=\/wp\/v2\/users\/2"}],"replies":[{"embeddable":true,"href":"https:\/\/partediario.com.ar\/index.php?rest_route=%2Fwp%2Fv2%2Fcomments&post=37707"}],"version-history":[{"count":1,"href":"https:\/\/partediario.com.ar\/index.php?rest_route=\/wp\/v2\/posts\/37707\/revisions"}],"predecessor-version":[{"id":37709,"href":"https:\/\/partediario.com.ar\/index.php?rest_route=\/wp\/v2\/posts\/37707\/revisions\/37709"}],"wp:featuredmedia":[{"embeddable":true,"href":"https:\/\/partediario.com.ar\/index.php?rest_route=\/wp\/v2\/media\/37708"}],"wp:attachment":[{"href":"https:\/\/partediario.com.ar\/index.php?rest_route=%2Fwp%2Fv2%2Fmedia&parent=37707"}],"wp:term":[{"taxonomy":"category","embeddable":true,"href":"https:\/\/partediario.com.ar\/index.php?rest_route=%2Fwp%2Fv2%2Fcategories&post=37707"},{"taxonomy":"post_tag","embeddable":true,"href":"https:\/\/partediario.com.ar\/index.php?rest_route=%2Fwp%2Fv2%2Ftags&post=37707"}],"curies":[{"name":"wp","href":"https:\/\/api.w.org\/{rel}","templated":true}]}}