{"id":37710,"date":"2025-12-01T17:58:27","date_gmt":"2025-12-01T20:58:27","guid":{"rendered":"https:\/\/partediario.com.ar\/?p=37710"},"modified":"2025-12-01T17:58:28","modified_gmt":"2025-12-01T20:58:28","slug":"santilli-logro-el-apoyo-del-gobernador-valdes-y-se-prepara-para-reunirse-con-un-peronista","status":"publish","type":"post","link":"https:\/\/partediario.com.ar\/?p=37710","title":{"rendered":"Santilli logr\u00f3 el apoyo del gobernador Vald\u00e9s y se prepara para reunirse con un peronista"},"content":{"rendered":"\n<h2 class=\"wp-block-heading\">El ministro del Interior, Diego Santilli, visit\u00f3 este lunes Corrientes y obtuvo el apoyo del gobernador saliente, Gustavo Vald\u00e9s, para el Presupuesto 2026 y las reformas laboral e impositiva, dos de las inciativas centrales de la bater\u00eda de proyectos que el Gobierno quiere tratar en las sesiones extraordinarias del Congreso.<\/h2>\n\n\n\n<p>Durante el encuentro, que se llev\u00f3 adelante al mediod\u00eda en la casa de Gobierno, Santilli y Vald\u00e9s se mostraron de acuerdo en establecer una agenda de trabajo com\u00fan \u201corientada a generar condiciones de crecimiento y prosperidad en la provincia y a lo largo y ancho del pa\u00eds\u201d.<\/p>\n\n\n\n<p>Conversaron sobre el conjunto de reformas estructurales que impulsa el presidente Javier Milei y coincidieron en la importancia de que el Congreso apruebe la Ley de Presupuesto 2026 y destacaron la necesidad de \u201cconcretar la reforma impositiva y la ley que propone una modernizaci\u00f3n laboral para la Argentina\u201d.<\/p>\n\n\n\n<p>La reuni\u00f3n tuvo lugar como parte de los encuentros que Santilli viene sosteniendo con gobernadores -tanto de \u201clocal\u201d como de visitante- que en julio del a\u00f1o pasado firmaron el Consejo de Mayo.<\/p>\n\n\n\n<p>Ahora, Santilli previsto recibir esta semana al jefe de Gobierno porte\u00f1o, Jorge Macri, y al gobernador de La Pampa, el peronista Sergio Ziliotto, en fechas que podr\u00edan ser el jueves y viernes, respectivamente.<\/p>\n\n\n\n<p>Para completar las citas con los 20 gobernadores quedan a\u00fan el puntano Luis Poggi y el santafesino Maximiliano Pullaro, quien adelant\u00f3 que no tiene intenciones de concretar una reuni\u00f3n si no hay respuesta a los reclamos.<\/p>\n\n\n\n<p>La administraci\u00f3n libertaria apuesta a buscar los consensos necesarios para aprobar el Presupuesto 2026 y la reforma laboral durante el mes de diciembre, adem\u00e1s del resto del temario en febrero.<\/p>\n","protected":false},"excerpt":{"rendered":"<p>El ministro del Interior, Diego Santilli, visit&oacute; este lunes Corrientes y obtuvo el apoyo del gobernador saliente, Gustavo Vald&eacute;s, para el Presupuesto 2026 y las reformas laboral e impositiva, dos de las inciativas centrales de la bater&iacute;a de proyectos que el Gobierno quiere tratar en las sesiones extraordinarias del Congreso. Durante el encuentro, que se [&hellip;]<\/p>\n","protected":false},"author":2,"featured_media":37711,"comment_status":"closed","ping_status":"closed","sticky":false,"template":"","format":"standard","meta":{"footnotes":""},"categories":[3273,5,176],"tags":[1108,448,5669,932],"class_list":["post-37710","post","type-post","status-publish","format-standard","has-post-thumbnail","hentry","category-destacada","category-nacionales","category-politica","tag-acuerdo","tag-corrientes","tag-diego-santilli","tag-gustavo-valdes"],"_links":{"self":[{"href":"https:\/\/partediario.com.ar\/index.php?rest_route=\/wp\/v2\/posts\/37710","targetHints":{"allow":["GET"]}}],"collection":[{"href":"https:\/\/partediario.com.ar\/index.php?rest_route=\/wp\/v2\/posts"}],"about":[{"href":"https:\/\/partediario.com.ar\/index.php?rest_route=\/wp\/v2\/types\/post"}],"author":[{"embeddable":true,"href":"https:\/\/partediario.com.ar\/index.php?rest_route=\/wp\/v2\/users\/2"}],"replies":[{"embeddable":true,"href":"https:\/\/partediario.com.ar\/index.php?rest_route=%2Fwp%2Fv2%2Fcomments&post=37710"}],"version-history":[{"count":1,"href":"https:\/\/partediario.com.ar\/index.php?rest_route=\/wp\/v2\/posts\/37710\/revisions"}],"predecessor-version":[{"id":37712,"href":"https:\/\/partediario.com.ar\/index.php?rest_route=\/wp\/v2\/posts\/37710\/revisions\/37712"}],"wp:featuredmedia":[{"embeddable":true,"href":"https:\/\/partediario.com.ar\/index.php?rest_route=\/wp\/v2\/media\/37711"}],"wp:attachment":[{"href":"https:\/\/partediario.com.ar\/index.php?rest_route=%2Fwp%2Fv2%2Fmedia&parent=37710"}],"wp:term":[{"taxonomy":"category","embeddable":true,"href":"https:\/\/partediario.com.ar\/index.php?rest_route=%2Fwp%2Fv2%2Fcategories&post=37710"},{"taxonomy":"post_tag","embeddable":true,"href":"https:\/\/partediario.com.ar\/index.php?rest_route=%2Fwp%2Fv2%2Ftags&post=37710"}],"curies":[{"name":"wp","href":"https:\/\/api.w.org\/{rel}","templated":true}]}}