{"id":37713,"date":"2025-12-01T18:02:51","date_gmt":"2025-12-01T21:02:51","guid":{"rendered":"https:\/\/partediario.com.ar\/?p=37713"},"modified":"2025-12-01T18:02:52","modified_gmt":"2025-12-01T21:02:52","slug":"la-hija-de-una-victima-del-fentanilo-denuncio-que-el-estado-no-se-hizo-parte","status":"publish","type":"post","link":"https:\/\/partediario.com.ar\/?p=37713","title":{"rendered":"La hija de una v\u00edctima del fentanilo denunci\u00f3 que \u201cel Estado no se hizo parte\u201d"},"content":{"rendered":"\n<h2 class=\"wp-block-heading\">La hija de una v\u00edctima del fentanilo adulterado manifest\u00f3 que la tragedia tuvo \u201cmuy poco impacto en la sociedad\u201d y denunci\u00f3 que \u201cel Estado no se hizo parte\u201d.<\/h2>\n\n\n\n<p>Carla Maino, quien es la hija de un hombre que falleci\u00f3 en abril por el opioide contaminado, dialog\u00f3 con LT3 AM680 Rosario, y explic\u00f3 que forma parte de una agrupaci\u00f3n que mantiene contacto con damnificados de La Plata y C\u00f3rdoba.<\/p>\n\n\n\n<p>La mujer, que particip\u00f3 este lunes de \u201cuna marcha en contra del silencio\u201d, expres\u00f3 su bronca y su dolor por la falta de respuesta de las autoridades: \u201cEl Estado no se ha hecho parte, esto tuvo muy poco impacto en la sociedad y en el Estado, por m\u00e1s que haya intervenido la Comisi\u00f3n Especial en Diputados\u201d.<\/p>\n\n\n\n<p>Maino destac\u00f3 que la exposici\u00f3n a medicaciones adulteradas afecta a todos, tanto en la salud p\u00fablica como en la privada, y que la cifra oficial de 174 v\u00edctimas fatales podr\u00eda ser el doble debido a una \u00abcifra negra\u00bb de casos no declarados.<\/p>\n\n\n\n<p>Y agreg\u00f3 que el pr\u00f3ximo martes 16 de diciembre a las 18 se realizar\u00e1 una nueva manifestaci\u00f3n en el Monumento Nacional a la Bandera, con el objetivo de reclamar justicia por las v\u00edctimas y un llamado a la sociedad, ya que \u00abes algo que pudo haberle afectado a cualquiera\u00bb.<\/p>\n\n\n\n<p>Consultada sobre la Comisi\u00f3n Investigadora de la C\u00e1mara de Diputados, presidida por la diputada M\u00f3nica Fein, Maino la consider\u00f3 \u00abmuy interesante\u00bb y subray\u00f3 la inminente presentaci\u00f3n de su informe final.<\/p>\n","protected":false},"excerpt":{"rendered":"<p>La hija de una v&iacute;ctima del fentanilo adulterado manifest&oacute; que la tragedia tuvo &ldquo;muy poco impacto en la sociedad&rdquo; y denunci&oacute; que &ldquo;el Estado no se hizo parte&rdquo;. Carla Maino, quien es la hija de un hombre que falleci&oacute; en abril por el opioide contaminado, dialog&oacute; con LT3 AM680 Rosario, y explic&oacute; que forma parte [&hellip;]<\/p>\n","protected":false},"author":2,"featured_media":37714,"comment_status":"closed","ping_status":"closed","sticky":false,"template":"","format":"standard","meta":{"footnotes":""},"categories":[3273,979,5,726],"tags":[7222,812,6551,444],"class_list":["post-37713","post","type-post","status-publish","format-standard","has-post-thumbnail","hentry","category-destacada","category-judiciales","category-nacionales","category-sociedad","tag-carla-maino","tag-denuncia","tag-fentanilo","tag-victima"],"_links":{"self":[{"href":"https:\/\/partediario.com.ar\/index.php?rest_route=\/wp\/v2\/posts\/37713","targetHints":{"allow":["GET"]}}],"collection":[{"href":"https:\/\/partediario.com.ar\/index.php?rest_route=\/wp\/v2\/posts"}],"about":[{"href":"https:\/\/partediario.com.ar\/index.php?rest_route=\/wp\/v2\/types\/post"}],"author":[{"embeddable":true,"href":"https:\/\/partediario.com.ar\/index.php?rest_route=\/wp\/v2\/users\/2"}],"replies":[{"embeddable":true,"href":"https:\/\/partediario.com.ar\/index.php?rest_route=%2Fwp%2Fv2%2Fcomments&post=37713"}],"version-history":[{"count":1,"href":"https:\/\/partediario.com.ar\/index.php?rest_route=\/wp\/v2\/posts\/37713\/revisions"}],"predecessor-version":[{"id":37715,"href":"https:\/\/partediario.com.ar\/index.php?rest_route=\/wp\/v2\/posts\/37713\/revisions\/37715"}],"wp:featuredmedia":[{"embeddable":true,"href":"https:\/\/partediario.com.ar\/index.php?rest_route=\/wp\/v2\/media\/37714"}],"wp:attachment":[{"href":"https:\/\/partediario.com.ar\/index.php?rest_route=%2Fwp%2Fv2%2Fmedia&parent=37713"}],"wp:term":[{"taxonomy":"category","embeddable":true,"href":"https:\/\/partediario.com.ar\/index.php?rest_route=%2Fwp%2Fv2%2Fcategories&post=37713"},{"taxonomy":"post_tag","embeddable":true,"href":"https:\/\/partediario.com.ar\/index.php?rest_route=%2Fwp%2Fv2%2Ftags&post=37713"}],"curies":[{"name":"wp","href":"https:\/\/api.w.org\/{rel}","templated":true}]}}