{"id":3777,"date":"2024-07-01T18:28:00","date_gmt":"2024-07-01T21:28:00","guid":{"rendered":"https:\/\/partediario.com.ar\/?p=3777"},"modified":"2024-07-01T18:28:01","modified_gmt":"2024-07-01T21:28:01","slug":"bordet-repudio-la-intervencion-de-la-radio-publica-de-concordia-y-alerto-sobre-la-vulneracion-del-derecho-a-comunicar","status":"publish","type":"post","link":"https:\/\/partediario.com.ar\/?p=3777","title":{"rendered":"Bordet repudi\u00f3 la intervenci\u00f3n de la radio p\u00fablica de Concordia y alert\u00f3 sobre \u201cla vulneraci\u00f3n del derecho a comunicar\u201d"},"content":{"rendered":"\n<p><strong>El diputado nacional Gustavo Bordet manifest\u00f3 su solidaridad con los directivos y los trabajadores de Radio Ciudadana de Concordia ante el proyecto oficial que pone en riesgo en perfil plural de este medio p\u00fablico. \u201cEste tipo de iniciativas merecen un amplio debate y no un tratamiento express que puede interpretarse como un intento para silenciar voces\u201d, destac\u00f3.<\/strong><\/p>\n\n\n\n<p>\u201cOjal\u00e1 se puedan seguir escuchando todas las expresiones en Concordia y en la provincia. Radio Ciudadana tiene mucho para decir y en buena hora que haya periodistas que tengan visiones cr\u00edticas y animen al debate\u201d, afirm\u00f3 este lunes el ex gobernador ante los micr\u00f3fonos de la radio municipal, que cabe recordar, fue creada durante su gesti\u00f3n como intendente de la ciudad.<\/p>\n\n\n\n<p>Y agreg\u00f3 que: \u201cCuantas m\u00e1s posiciones se expresen m\u00e1s democr\u00e1tica ser\u00e1 la sociedad, hay que aprender a tener tolerancia y respetar la opini\u00f3n de los otros. El esp\u00edritu de este medio de comunicaci\u00f3n fue siempre la pluralidad de voces\u201d, sostuvo el ex gobernador e inst\u00f3 a seguir respetando esa premisa.<\/p>\n\n\n\n<p>\u201cLa radio p\u00fablica de Concordia siempre tuvo una tarea independiente del Estado, y quienes desde el gobierno si hay cr\u00edticas deben ser respondidas y hay que ser tolerantes. Siempre hay un derecho a r\u00e9plica si uno no est\u00e1 de acuerdo con alguna posici\u00f3n, as\u00ed funciona la libertad de expresi\u00f3n\u201d, expres\u00f3 Bordet.<\/p>\n\n\n\n<p>\u201cLa radio ha sido critica con mi gesti\u00f3n municipal y tambi\u00e9n provincial, y jam\u00e1s levant\u00e9 un tel\u00e9fono ni hice llegar quejas ni a sus directivos ni a sus periodistas, como tampoco lo hice con otros medios privados. Siempre mantuve una relaci\u00f3n de respeto con todo el periodismo de la provincia\u201d, indic\u00f3.<\/p>\n\n\n\n<p>Seg\u00fan la actual administraci\u00f3n municipal, la radio \u201cno est\u00e1 siendo usada adecuadamente como medio informativo\u201d y desde esa visi\u00f3n el proyecto elimina la autarqu\u00eda del medio y crea una \u201ccomisi\u00f3n administradora\u201d dependiente del Ejecutivo Municipal.<\/p>\n\n\n\n<p>En ese contexto, el ex gobernador se\u00f1al\u00f3 que cuando se impulsa una iniciativa de esa naturaleza \u201ctiene que ser debatida, puesta a consideraci\u00f3n no s\u00f3lo del Concejo Deliberante sino de distintos sectores de la comunidad\u201d.<\/p>\n\n\n\n<p>\u201cEste tipo de iniciativas merecen un amplio debate y no un tratamiento express que puede interpretarse como un intento para silenciar voces. En la democracia moderna no puede quedar esta duda. Se debe dar la posibilidad a la opini\u00f3n p\u00fablica y darle la amplitud que el tema merece\u201d, finaliz\u00f3 Bordet.<\/p>\n","protected":false},"excerpt":{"rendered":"<p>El diputado nacional Gustavo Bordet manifest&oacute; su solidaridad con los directivos y los trabajadores de Radio Ciudadana de Concordia ante el proyecto oficial que pone en riesgo en perfil plural de este medio p&uacute;blico. &ldquo;Este tipo de iniciativas merecen un amplio debate y no un tratamiento express que puede interpretarse como un intento para silenciar [&hellip;]<\/p>\n","protected":false},"author":2,"featured_media":3778,"comment_status":"open","ping_status":"open","sticky":false,"template":"","format":"standard","meta":{"footnotes":""},"categories":[176,8],"tags":[398,257,595,1360],"class_list":["post-3777","post","type-post","status-publish","format-standard","has-post-thumbnail","hentry","category-politica","category-provinciales","tag-concordia","tag-entre-rios","tag-gustavo-bordet","tag-radio-ciudadana"],"_links":{"self":[{"href":"https:\/\/partediario.com.ar\/index.php?rest_route=\/wp\/v2\/posts\/3777","targetHints":{"allow":["GET"]}}],"collection":[{"href":"https:\/\/partediario.com.ar\/index.php?rest_route=\/wp\/v2\/posts"}],"about":[{"href":"https:\/\/partediario.com.ar\/index.php?rest_route=\/wp\/v2\/types\/post"}],"author":[{"embeddable":true,"href":"https:\/\/partediario.com.ar\/index.php?rest_route=\/wp\/v2\/users\/2"}],"replies":[{"embeddable":true,"href":"https:\/\/partediario.com.ar\/index.php?rest_route=%2Fwp%2Fv2%2Fcomments&post=3777"}],"version-history":[{"count":1,"href":"https:\/\/partediario.com.ar\/index.php?rest_route=\/wp\/v2\/posts\/3777\/revisions"}],"predecessor-version":[{"id":3779,"href":"https:\/\/partediario.com.ar\/index.php?rest_route=\/wp\/v2\/posts\/3777\/revisions\/3779"}],"wp:featuredmedia":[{"embeddable":true,"href":"https:\/\/partediario.com.ar\/index.php?rest_route=\/wp\/v2\/media\/3778"}],"wp:attachment":[{"href":"https:\/\/partediario.com.ar\/index.php?rest_route=%2Fwp%2Fv2%2Fmedia&parent=3777"}],"wp:term":[{"taxonomy":"category","embeddable":true,"href":"https:\/\/partediario.com.ar\/index.php?rest_route=%2Fwp%2Fv2%2Fcategories&post=3777"},{"taxonomy":"post_tag","embeddable":true,"href":"https:\/\/partediario.com.ar\/index.php?rest_route=%2Fwp%2Fv2%2Ftags&post=3777"}],"curies":[{"name":"wp","href":"https:\/\/api.w.org\/{rel}","templated":true}]}}