{"id":3780,"date":"2024-07-01T18:43:23","date_gmt":"2024-07-01T21:43:23","guid":{"rendered":"https:\/\/partediario.com.ar\/?p=3780"},"modified":"2024-07-01T18:43:27","modified_gmt":"2024-07-01T21:43:27","slug":"piedras-blancas-el-gobierno-retoma-diversas-obras-de-importancia-para-la-ciudad","status":"publish","type":"post","link":"https:\/\/partediario.com.ar\/?p=3780","title":{"rendered":"Piedras Blancas: el gobierno retoma diversas obras de importancia para la ciudad"},"content":{"rendered":"\n<p><strong>El gobernador Rogelio Frigerio mantuvo una reuni\u00f3n de trabajo con el intendente de Piedras Blancas, Jorge Fabricio Mesquida, con quien acord\u00f3 gestiones para obras de infraestructura vial, educativa y habitacional en esta localidad. Se iniciaron las obras en ruta A03 y en los pr\u00f3ximos d\u00edas se har\u00e1 lo propio en la escuela secundaria N\u00b0 Pablo Pedro Bard\u00edn.<\/strong><\/p>\n\n\n\n<p>Al finalizar el encuentro, Mesquida precis\u00f3 que \u00abya se inici\u00f3 la ruta A03, desde el ingreso de la ruta 12 hacia el acceso a Piedras Blancas. Una obra pedida al principio de la gesti\u00f3n, como es tambi\u00e9n la culminaci\u00f3n de la refacci\u00f3n de la escuela secundaria N\u00b0 2 Pablo Pedro Bard\u00edn que comenzar\u00e1 en los pr\u00f3ximos d\u00edas. Son dos obras que se incluyeron en las 55 obras que la provincia defini\u00f3 encarar\u00bb.<\/p>\n\n\n\n<p>La agenda tratada contempl\u00f3 tambi\u00e9n nuevas obras. Una es la avenida Tuyang y se habl\u00f3 sobre la posibilidad de iniciarla en los pr\u00f3ximos meses. \u00abEsta obra se estaba realizando, pero la empresa que hab\u00eda ganado la licitaci\u00f3n hizo un cuadra y media, y luego abandon\u00f3 el trabajo ante el problema de la inflaci\u00f3n. Restan hacer 10 cuadras m\u00e1s o menos de lo que es la avenida\u00bb, explic\u00f3 el presidente comunal.<\/p>\n\n\n\n<p>Viviendas fue otro de los temas tratados. \u00abSon 18 viviendas del plan nacional que ya estaban licitadas, y ahora eso pas\u00f3 a la provincia. Se gestionar\u00e1 una reuni\u00f3n con autoridades del Instituto Aut\u00e1rquico de Planeamiento y Vivienda (IAPV) para ver la forma que esta obra no caiga\u00bb, acot\u00f3.<\/p>\n\n\n\n<p>Por \u00faltimo, Mesquida asegur\u00f3 que \u00abson obras muy importantes para la comunidad, para la educaci\u00f3n, la producci\u00f3n av\u00edcola, la producci\u00f3n yesera y la seguridad vial\u00bb, concluy\u00f3.<\/p>\n","protected":false},"excerpt":{"rendered":"<p>El gobernador Rogelio Frigerio mantuvo una reuni&oacute;n de trabajo con el intendente de Piedras Blancas, Jorge Fabricio Mesquida, con quien acord&oacute; gestiones para obras de infraestructura vial, educativa y habitacional en esta localidad. Se iniciaron las obras en ruta A03 y en los pr&oacute;ximos d&iacute;as se har&aacute; lo propio en la escuela secundaria N&deg; Pablo [&hellip;]<\/p>\n","protected":false},"author":2,"featured_media":3781,"comment_status":"open","ping_status":"open","sticky":false,"template":"","format":"standard","meta":{"footnotes":""},"categories":[176,8,726],"tags":[257,1361,330,1362,245],"class_list":["post-3780","post","type-post","status-publish","format-standard","has-post-thumbnail","hentry","category-politica","category-provinciales","category-sociedad","tag-entre-rios","tag-jorge-fabricio-mesquida","tag-obras","tag-piedras-blancas","tag-rogelio-frigerio"],"_links":{"self":[{"href":"https:\/\/partediario.com.ar\/index.php?rest_route=\/wp\/v2\/posts\/3780","targetHints":{"allow":["GET"]}}],"collection":[{"href":"https:\/\/partediario.com.ar\/index.php?rest_route=\/wp\/v2\/posts"}],"about":[{"href":"https:\/\/partediario.com.ar\/index.php?rest_route=\/wp\/v2\/types\/post"}],"author":[{"embeddable":true,"href":"https:\/\/partediario.com.ar\/index.php?rest_route=\/wp\/v2\/users\/2"}],"replies":[{"embeddable":true,"href":"https:\/\/partediario.com.ar\/index.php?rest_route=%2Fwp%2Fv2%2Fcomments&post=3780"}],"version-history":[{"count":1,"href":"https:\/\/partediario.com.ar\/index.php?rest_route=\/wp\/v2\/posts\/3780\/revisions"}],"predecessor-version":[{"id":3782,"href":"https:\/\/partediario.com.ar\/index.php?rest_route=\/wp\/v2\/posts\/3780\/revisions\/3782"}],"wp:featuredmedia":[{"embeddable":true,"href":"https:\/\/partediario.com.ar\/index.php?rest_route=\/wp\/v2\/media\/3781"}],"wp:attachment":[{"href":"https:\/\/partediario.com.ar\/index.php?rest_route=%2Fwp%2Fv2%2Fmedia&parent=3780"}],"wp:term":[{"taxonomy":"category","embeddable":true,"href":"https:\/\/partediario.com.ar\/index.php?rest_route=%2Fwp%2Fv2%2Fcategories&post=3780"},{"taxonomy":"post_tag","embeddable":true,"href":"https:\/\/partediario.com.ar\/index.php?rest_route=%2Fwp%2Fv2%2Ftags&post=3780"}],"curies":[{"name":"wp","href":"https:\/\/api.w.org\/{rel}","templated":true}]}}