{"id":3783,"date":"2024-07-01T18:52:05","date_gmt":"2024-07-01T21:52:05","guid":{"rendered":"https:\/\/partediario.com.ar\/?p=3783"},"modified":"2024-07-01T18:52:06","modified_gmt":"2024-07-01T21:52:06","slug":"tras-el-reclamo-del-gobierno-de-la-provincia-por-fondos-adeudados-anses-audita-la-caja-de-jubilaciones","status":"publish","type":"post","link":"https:\/\/partediario.com.ar\/?p=3783","title":{"rendered":"Tras el reclamo del gobierno de la provincia por fondos adeudados Anses audita la Caja de Jubilaciones"},"content":{"rendered":"\n<h3 class=\"wp-block-heading\">El gobernador Rogelio Frigerio se hizo presente este lunes hasta la sede de la Caja de Jubilaciones y Pensiones de Entre R\u00edos, donde personal de Anses lleva adelante una auditor\u00eda, tras el reclamo del gobierno entrerriano por los fondos previsionales adeudados por el gobierno nacional.<\/h3>\n\n\n\n<p>El presidente de la Caja de Jubilaciones y Pensiones de Entre R\u00edos, Gast\u00f3n Bagnat, acompa\u00f1\u00f3 al gobernador Frigerio en el encuentro con los auditores de Anses que est\u00e1n abocados a chequear la informaci\u00f3n enviada por la provincia. Tras ello, destac\u00f3 \u00abla predisposici\u00f3n del gobierno nacional de elegirnos como la primera provincia para empezar el sistema auditor\u00edas\u00bb y acot\u00f3 que ello \u00abhabla de un cambio de actitud en cuanto al reconocimiento de los fondos que debe aportar\u00bb.<\/p>\n\n\n\n<p>Desde el gobierno provincial se espera que, a partir de esa auditor\u00eda, el gobierno nacional comience a enviar mensualmente los fondos que le corresponden a la provincia, lo que permitir\u00e1 una disminuci\u00f3n importante del d\u00e9ficit del organismo previsional entrerriano.<\/p>\n\n\n\n<p>\u00abHay una deuda pendiente, y cuyo reclamo ya se efectu\u00f3 ante la Corte Suprema de Justicia de la Naci\u00f3n, pero es muy importante recuperar el flujo mensual de fondos para poder reducir significativamente el d\u00e9ficit creciente que hab\u00eda cuando asumimos y evitar el colapso de la Caja\u00bb, indic\u00f3 Bagnat.<\/p>\n\n\n\n<p>Cabe mencionar que, con ese mismo fin, el gobierno entrerriano efectu\u00f3 una reforma del sistema jubilatorio provincial por la cual, a partir del 1\u00ba de julio, se establecer\u00e1 un incremento de tres puntos de al\u00edcuota de aportes patronales y contribuciones personales de los trabajadores activos del sector p\u00fablico, y adem\u00e1s, los beneficiarios de jubilaciones de reg\u00edmenes especiales del Estado van a aportar una al\u00edcuota de tres puntos hasta cumplir con la edad jubilatoria, que es 62 a\u00f1os para los hombres y 57 para las mujeres.<\/p>\n\n\n\n<p><\/p>\n\n\n\n<figure class=\"wp-block-embed is-type-video is-provider-youtube wp-block-embed-youtube wp-embed-aspect-16-9 wp-has-aspect-ratio\"><div class=\"wp-block-embed__wrapper\">\n<iframe loading=\"lazy\" title=\"Anses realiza audita la Caja de Jubilaciones por el reclamo de los fondos adeudados por Naci\u00f3n\" width=\"640\" height=\"360\" src=\"https:\/\/www.youtube.com\/embed\/m9LdBRpqrzg?feature=oembed\" frameborder=\"0\" allow=\"accelerometer; autoplay; clipboard-write; encrypted-media; gyroscope; picture-in-picture; web-share\" referrerpolicy=\"strict-origin-when-cross-origin\" allowfullscreen><\/iframe>\n<\/div><\/figure>\n","protected":false},"excerpt":{"rendered":"<p>El gobernador Rogelio Frigerio se hizo presente este lunes hasta la sede de la Caja de Jubilaciones y Pensiones de Entre R&iacute;os, donde personal de Anses lleva adelante una auditor&iacute;a, tras el reclamo del gobierno entrerriano por los fondos previsionales adeudados por el gobierno nacional. El presidente de la Caja de Jubilaciones y Pensiones de [&hellip;]<\/p>\n","protected":false},"author":2,"featured_media":3784,"comment_status":"open","ping_status":"open","sticky":false,"template":"","format":"standard","meta":{"footnotes":""},"categories":[176,8,726],"tags":[1234,1363,257,249,245],"class_list":["post-3783","post","type-post","status-publish","format-standard","has-post-thumbnail","hentry","category-politica","category-provinciales","category-sociedad","tag-anses","tag-caja-jubilaciones","tag-entre-rios","tag-gaston-bagnat","tag-rogelio-frigerio"],"_links":{"self":[{"href":"https:\/\/partediario.com.ar\/index.php?rest_route=\/wp\/v2\/posts\/3783","targetHints":{"allow":["GET"]}}],"collection":[{"href":"https:\/\/partediario.com.ar\/index.php?rest_route=\/wp\/v2\/posts"}],"about":[{"href":"https:\/\/partediario.com.ar\/index.php?rest_route=\/wp\/v2\/types\/post"}],"author":[{"embeddable":true,"href":"https:\/\/partediario.com.ar\/index.php?rest_route=\/wp\/v2\/users\/2"}],"replies":[{"embeddable":true,"href":"https:\/\/partediario.com.ar\/index.php?rest_route=%2Fwp%2Fv2%2Fcomments&post=3783"}],"version-history":[{"count":1,"href":"https:\/\/partediario.com.ar\/index.php?rest_route=\/wp\/v2\/posts\/3783\/revisions"}],"predecessor-version":[{"id":3785,"href":"https:\/\/partediario.com.ar\/index.php?rest_route=\/wp\/v2\/posts\/3783\/revisions\/3785"}],"wp:featuredmedia":[{"embeddable":true,"href":"https:\/\/partediario.com.ar\/index.php?rest_route=\/wp\/v2\/media\/3784"}],"wp:attachment":[{"href":"https:\/\/partediario.com.ar\/index.php?rest_route=%2Fwp%2Fv2%2Fmedia&parent=3783"}],"wp:term":[{"taxonomy":"category","embeddable":true,"href":"https:\/\/partediario.com.ar\/index.php?rest_route=%2Fwp%2Fv2%2Fcategories&post=3783"},{"taxonomy":"post_tag","embeddable":true,"href":"https:\/\/partediario.com.ar\/index.php?rest_route=%2Fwp%2Fv2%2Ftags&post=3783"}],"curies":[{"name":"wp","href":"https:\/\/api.w.org\/{rel}","templated":true}]}}