{"id":3799,"date":"2024-07-02T08:12:52","date_gmt":"2024-07-02T11:12:52","guid":{"rendered":"https:\/\/partediario.com.ar\/?p=3799"},"modified":"2024-07-02T08:12:53","modified_gmt":"2024-07-02T11:12:53","slug":"canale-cerro-una-planta-y-despidio-a-todo-el-personal","status":"publish","type":"post","link":"https:\/\/partediario.com.ar\/?p=3799","title":{"rendered":"Canale cerr\u00f3 una planta y despidi\u00f3 a todo el personal"},"content":{"rendered":"\n<p><strong>Ten\u00eda 80 a\u00f1os de actividad y deja sin empleo alrededor de 40 personas. La hist\u00f3rica planta alimenticia Canale cerr\u00f3 sus puertas en la ciudad mendocina de San Rafael, y dej\u00f3 en la calle a cerca de 40 empleados.<\/strong><\/p>\n\n\n\n<p>La planta contaba con 22 empleados efectivos y 16 empleados temporarios. El cierre afecta a alrededor de 40 familias que viven en el este del departamento mendocino.<\/p>\n\n\n\n<p>Las instalaciones comenzaron a funcionar en 1942, cuando fue fundada. Comenz\u00f3 con la producci\u00f3n de tomates para luego ampliarla a conservas de durazno, pimientos, dulces y mermeladas.<\/p>\n\n\n\n<p>Luego de declarar la quiebra en 2016 la planta pas\u00f3 por varios due\u00f1os, como Dulcor y AVA SA.<\/p>\n\n\n\n<p>El intendente de San Rafael, Omar F\u00e9lix, responsabiliz\u00f3 al Gobierno nacional por el cierre: \u2018&#8217;Primer efecto de reactivaci\u00f3n econ\u00f3mica luego de aprobar la ley bases, cierre definitivo de la planta fabril de Canale en Real del Padre, 38 empleados despedidos. Sin palabras\u00bb, expres\u00f3 F\u00e9lix en sus redes sociales.<\/p>\n\n\n\n<p>Por su parte, Pablo Lambert, gerente Financiero de la empresa AVA, propietaria de la marca Canale, se\u00f1al\u00f3 que esta medida forma parte de un \u00abproceso de reestructuraci\u00f3n\u00bb.<\/p>\n\n\n\n<p>Dijo que la producci\u00f3n pasar\u00e1 a estar ubicada en Ugarteche, Luj\u00e1n de Cuyo, seg\u00fan reportaron diarios mendocinos.<\/p>\n\n\n\n<p>En el primer trimestre de 2024, Mendoza tuvo un 4,8% de desocupaci\u00f3n. En el Gran Mendoza se crearon 4.000 puestos de trabajo, una baja del 0.8% en desocupaci\u00f3n.<\/p>\n\n\n\n<p>Si bien representa un descenso comparado al a\u00f1o anterior, donde el dato era del 5,6%, Mendoza lidera el r\u00e1nking de desocupaci\u00f3n en Cuyo, por encima de San Juan y San Luis.<\/p>\n\n\n\n<p>Desde el Gobierno provincial afirmaron que esta situaci\u00f3n tiene que ver con \u00abestrategias pol\u00edticas para la promoci\u00f3n y acompa\u00f1amiento a la inversi\u00f3n privada\u00bb, como el Programa Entrelazados.<\/p>\n\n\n\n<p>Expertos tambi\u00e9n indican que la ca\u00edda de la actividad en la provincia no ha sido tan profunda como en el resto del pa\u00eds.<\/p>\n","protected":false},"excerpt":{"rendered":"<p>Ten&iacute;a 80 a&ntilde;os de actividad y deja sin empleo alrededor de 40 personas. La hist&oacute;rica planta alimenticia Canale cerr&oacute; sus puertas en la ciudad mendocina de San Rafael, y dej&oacute; en la calle a cerca de 40 empleados. La planta contaba con 22 empleados efectivos y 16 empleados temporarios. El cierre afecta a alrededor de [&hellip;]<\/p>\n","protected":false},"author":2,"featured_media":3800,"comment_status":"open","ping_status":"open","sticky":false,"template":"","format":"standard","meta":{"footnotes":""},"categories":[978,5,726],"tags":[1382,1378,1379,1381,347,1383,1380],"class_list":["post-3799","post","type-post","status-publish","format-standard","has-post-thumbnail","hentry","category-gremiales","category-nacionales","category-sociedad","tag-ava","tag-canale","tag-cierre","tag-dulcor","tag-mendoza","tag-omar-felix","tag-san-rafael"],"_links":{"self":[{"href":"https:\/\/partediario.com.ar\/index.php?rest_route=\/wp\/v2\/posts\/3799","targetHints":{"allow":["GET"]}}],"collection":[{"href":"https:\/\/partediario.com.ar\/index.php?rest_route=\/wp\/v2\/posts"}],"about":[{"href":"https:\/\/partediario.com.ar\/index.php?rest_route=\/wp\/v2\/types\/post"}],"author":[{"embeddable":true,"href":"https:\/\/partediario.com.ar\/index.php?rest_route=\/wp\/v2\/users\/2"}],"replies":[{"embeddable":true,"href":"https:\/\/partediario.com.ar\/index.php?rest_route=%2Fwp%2Fv2%2Fcomments&post=3799"}],"version-history":[{"count":1,"href":"https:\/\/partediario.com.ar\/index.php?rest_route=\/wp\/v2\/posts\/3799\/revisions"}],"predecessor-version":[{"id":3801,"href":"https:\/\/partediario.com.ar\/index.php?rest_route=\/wp\/v2\/posts\/3799\/revisions\/3801"}],"wp:featuredmedia":[{"embeddable":true,"href":"https:\/\/partediario.com.ar\/index.php?rest_route=\/wp\/v2\/media\/3800"}],"wp:attachment":[{"href":"https:\/\/partediario.com.ar\/index.php?rest_route=%2Fwp%2Fv2%2Fmedia&parent=3799"}],"wp:term":[{"taxonomy":"category","embeddable":true,"href":"https:\/\/partediario.com.ar\/index.php?rest_route=%2Fwp%2Fv2%2Fcategories&post=3799"},{"taxonomy":"post_tag","embeddable":true,"href":"https:\/\/partediario.com.ar\/index.php?rest_route=%2Fwp%2Fv2%2Ftags&post=3799"}],"curies":[{"name":"wp","href":"https:\/\/api.w.org\/{rel}","templated":true}]}}