{"id":3815,"date":"2024-07-02T10:03:31","date_gmt":"2024-07-02T13:03:31","guid":{"rendered":"https:\/\/partediario.com.ar\/?p=3815"},"modified":"2024-07-02T10:03:32","modified_gmt":"2024-07-02T13:03:32","slug":"parana-reinauguraron-la-puesta-en-valor-del-paseo-de-la-diversidad-con-actividades-en-la-plaza-de-las-colectividades","status":"publish","type":"post","link":"https:\/\/partediario.com.ar\/?p=3815","title":{"rendered":"Paran\u00e1: reinauguraron la puesta en valor del Paseo de la Diversidad con actividades en la Plaza de las Colectividades"},"content":{"rendered":"\n<p><strong>Organizado por la Municipalidad, la jornada cultural se realiz\u00f3 en conmemoraci\u00f3n del 28 de junio, D\u00eda Internacional del Orgullo LGBTTTIQPNB+.<\/strong><\/p>\n\n\n\n<p>Reinauguraron la puesta en valor del Paseo de la Diversidad con actividades en la Plaza de las Colectividades Organizado por la Municipalidad, la jornada cultural se realiz\u00f3 en conmemoraci\u00f3n del 28 de junio, D\u00eda Internacional del Orgullo LGBTTTIQPNB+.<\/p>\n\n\n\n<p>La propuesta llamada Orgullo de Ser, fue impulsada por la Secretar\u00eda de Desarrollo Humano y cont\u00f3 con una radio abierta junto a Somos Orgullo, una feria de emprendedores de la Econom\u00eda Social, testeo de VIH y la presentaci\u00f3n de DJ Agucho, entre otras m\u00e1s.<\/p>\n\n\n\n<p><\/p>\n\n\n\n<figure class=\"wp-block-image size-large\"><img loading=\"lazy\" decoding=\"async\" width=\"1024\" height=\"576\" src=\"https:\/\/partediario.com.ar\/wp-content\/uploads\/1719800592_413f666063021baf1f2f-1024x576.jpg\" alt=\"\" class=\"wp-image-3816\" srcset=\"https:\/\/partediario.com.ar\/wp-content\/uploads\/1719800592_413f666063021baf1f2f-1024x576.jpg 1024w, https:\/\/partediario.com.ar\/wp-content\/uploads\/1719800592_413f666063021baf1f2f-300x169.jpg 300w, https:\/\/partediario.com.ar\/wp-content\/uploads\/1719800592_413f666063021baf1f2f-768x432.jpg 768w, https:\/\/partediario.com.ar\/wp-content\/uploads\/1719800592_413f666063021baf1f2f-1536x864.jpg 1536w, https:\/\/partediario.com.ar\/wp-content\/uploads\/1719800592_413f666063021baf1f2f.jpg 1920w\" sizes=\"auto, (max-width: 1024px) 100vw, 1024px\" \/><\/figure>\n\n\n\n<p><\/p>\n\n\n\n<p>Mercedes Solanas, subsecretar\u00eda de Pol\u00edticas de G\u00e9nero del Municipio, reflexion\u00f3 que \u201cestas fechas siempre son una oportunidad para visibilizar a la comunidad, para instar a la tolerancia y al respeto, y para dar a conocer las l\u00edneas de trabajo que venimos llevando desde la Municipalidad\u201d.<\/p>\n\n\n\n<p>Dayana Machado, directora de Diversidad Sexual y G\u00e9nero, destac\u00f3: \u201cEl Paseo de la Diversidad es el lugar que nosotros tenemos, con el que nos identificamos, para que toda la gente vea y respete nuestros derechos\u201d.<\/p>\n\n\n\n<p><\/p>\n\n\n\n<figure class=\"wp-block-image size-large\"><img loading=\"lazy\" decoding=\"async\" width=\"1024\" height=\"576\" src=\"https:\/\/partediario.com.ar\/wp-content\/uploads\/1719800573_73a6438d68b17f1a8bca-1024x576.jpg\" alt=\"\" class=\"wp-image-3817\" srcset=\"https:\/\/partediario.com.ar\/wp-content\/uploads\/1719800573_73a6438d68b17f1a8bca-1024x576.jpg 1024w, https:\/\/partediario.com.ar\/wp-content\/uploads\/1719800573_73a6438d68b17f1a8bca-300x169.jpg 300w, https:\/\/partediario.com.ar\/wp-content\/uploads\/1719800573_73a6438d68b17f1a8bca-768x432.jpg 768w, https:\/\/partediario.com.ar\/wp-content\/uploads\/1719800573_73a6438d68b17f1a8bca-1536x864.jpg 1536w, https:\/\/partediario.com.ar\/wp-content\/uploads\/1719800573_73a6438d68b17f1a8bca.jpg 1920w\" sizes=\"auto, (max-width: 1024px) 100vw, 1024px\" \/><\/figure>\n\n\n\n<p><\/p>\n\n\n\n<p>Alejandra Elcura, conductora de la radio abierta, expres\u00f3: \u201cEstamos celebrando el D\u00eda Internacional del Orgullo con una propuesta de la Municipalidad que tiene varias aristas, como una feria de emprendedores y reinauguraci\u00f3n del Paseo\u201d.<\/p>\n\n\n\n<p>Por \u00faltimo, Nacha L\u00f3pez, expres\u00f3. \u201cTodos conocemos a una disidencia, todos estamos en contacto con el colectivo. Creo que la comunidad en general puede acercarse a estos eventos y poder compartir con nosotros\u201d.<\/p>\n\n\n\n<p>Otras de las actividades que pudieron disfrutar las y los asistentes fueron: Taller de Vogue de House of Landia, Picadito El Orgullo No se Mancha, Poes\u00eda Todo por dos Besos, Performance Drag de Marce So\u00f1ez y DJ SET Electrolo x Agucho.<\/p>\n\n\n\n<p><\/p>\n\n\n\n<figure class=\"wp-block-embed is-type-video is-provider-youtube wp-block-embed-youtube wp-embed-aspect-16-9 wp-has-aspect-ratio\"><div class=\"wp-block-embed__wrapper\">\n<iframe loading=\"lazy\" title=\"Reinauguraron la puesta en valor del Paseo de la Diversidad\" width=\"640\" height=\"360\" src=\"https:\/\/www.youtube.com\/embed\/RT0PhtHkv-g?feature=oembed\" frameborder=\"0\" allow=\"accelerometer; autoplay; clipboard-write; encrypted-media; gyroscope; picture-in-picture; web-share\" referrerpolicy=\"strict-origin-when-cross-origin\" allowfullscreen><\/iframe>\n<\/div><\/figure>\n","protected":false},"excerpt":{"rendered":"<p>Organizado por la Municipalidad, la jornada cultural se realiz&oacute; en conmemoraci&oacute;n del 28 de junio, D&iacute;a Internacional del Orgullo LGBTTTIQPNB+. Reinauguraron la puesta en valor del Paseo de la Diversidad con actividades en la Plaza de las Colectividades Organizado por la Municipalidad, la jornada cultural se realiz&oacute; en conmemoraci&oacute;n del 28 de junio, D&iacute;a Internacional [&hellip;]<\/p>\n","protected":false},"author":2,"featured_media":3818,"comment_status":"open","ping_status":"open","sticky":false,"template":"","format":"standard","meta":{"footnotes":""},"categories":[6,726],"tags":[1395,1394,210,265,1391,1392,1393],"class_list":["post-3815","post","type-post","status-publish","format-standard","has-post-thumbnail","hentry","category-locales","category-sociedad","tag-dayana-machado","tag-mercedes-solana","tag-municipalidad","tag-parana","tag-paseo-de-la-diversidad","tag-plaza-colectividades","tag-somos-orgullo"],"_links":{"self":[{"href":"https:\/\/partediario.com.ar\/index.php?rest_route=\/wp\/v2\/posts\/3815","targetHints":{"allow":["GET"]}}],"collection":[{"href":"https:\/\/partediario.com.ar\/index.php?rest_route=\/wp\/v2\/posts"}],"about":[{"href":"https:\/\/partediario.com.ar\/index.php?rest_route=\/wp\/v2\/types\/post"}],"author":[{"embeddable":true,"href":"https:\/\/partediario.com.ar\/index.php?rest_route=\/wp\/v2\/users\/2"}],"replies":[{"embeddable":true,"href":"https:\/\/partediario.com.ar\/index.php?rest_route=%2Fwp%2Fv2%2Fcomments&post=3815"}],"version-history":[{"count":1,"href":"https:\/\/partediario.com.ar\/index.php?rest_route=\/wp\/v2\/posts\/3815\/revisions"}],"predecessor-version":[{"id":3819,"href":"https:\/\/partediario.com.ar\/index.php?rest_route=\/wp\/v2\/posts\/3815\/revisions\/3819"}],"wp:featuredmedia":[{"embeddable":true,"href":"https:\/\/partediario.com.ar\/index.php?rest_route=\/wp\/v2\/media\/3818"}],"wp:attachment":[{"href":"https:\/\/partediario.com.ar\/index.php?rest_route=%2Fwp%2Fv2%2Fmedia&parent=3815"}],"wp:term":[{"taxonomy":"category","embeddable":true,"href":"https:\/\/partediario.com.ar\/index.php?rest_route=%2Fwp%2Fv2%2Fcategories&post=3815"},{"taxonomy":"post_tag","embeddable":true,"href":"https:\/\/partediario.com.ar\/index.php?rest_route=%2Fwp%2Fv2%2Ftags&post=3815"}],"curies":[{"name":"wp","href":"https:\/\/api.w.org\/{rel}","templated":true}]}}