{"id":3857,"date":"2024-07-02T18:59:13","date_gmt":"2024-07-02T21:59:13","guid":{"rendered":"https:\/\/partediario.com.ar\/?p=3857"},"modified":"2024-07-02T18:59:16","modified_gmt":"2024-07-02T21:59:16","slug":"sesiono-el-observatorio-de-seguimiento-de-capacitacion-en-genero-y-violencia-contra-la-mujer","status":"publish","type":"post","link":"https:\/\/partediario.com.ar\/?p=3857","title":{"rendered":"Sesion\u00f3 el Observatorio de Seguimiento de Capacitaci\u00f3n en G\u00e9nero y Violencia contra la Mujer"},"content":{"rendered":"\n<h3 class=\"wp-block-heading\">Desde el Ministerio de Desarrollo Humano, se convoc\u00f3 a la primera sesi\u00f3n ordinaria del Observatorio de Seguimiento de Capacitaci\u00f3n en G\u00e9nero y Violencia contra la Mujer, el cual est\u00e1 integrado por representantes de los tres poderes del Estado, organizaciones sociales y universidades.<\/h3>\n\n\n\n<p>En esta convocatoria inicial se plantearon los ejes principales a desarrollar en futuros encuentros y adem\u00e1s se habilit\u00f3 un espacio de di\u00e1logo para que las y los diferentes integrantes puedan realizar sus aportes y dejar sus inquietudes acerca del funcionamiento del espacio.<\/p>\n\n\n\n<p>La reuni\u00f3n, que se realiz\u00f3 de manera virtual, comenz\u00f3 con la bienvenida de la ministra de Desarrollo Humano, Ver\u00f3nica Berisso, quien consider\u00f3 muy importante llevar adelante este primer encuentro y agradeci\u00f3 la presencia de todas. \u00abConsidero fundamental el trabajo del Observatorio, poder articular con los organismos y saber c\u00f3mo se trabaja en cada lugar, para que luego desde el gobierno provincial se desarrollen pol\u00edticas p\u00fablicas acorde a cada situaci\u00f3n\u00bb, asegur\u00f3 la titular de la cartera.<\/p>\n\n\n\n<p>Por su parte, la secretaria de Pol\u00edticas del Cuidado, Ayel\u00e9n Acosta, celebr\u00f3 que se concrete la primera sesi\u00f3n del a\u00f1o, no s\u00f3lo para dar cumplimiento con la Ley, sino tambi\u00e9n para generar un espacio de escucha, de di\u00e1logo y trabajo conjunto. \u00abDesde la Secretar\u00eda nos hemos propuesto como misi\u00f3n trabajar sobre datos y estad\u00edsticas, por eso la importancia del trabajo de todos los espacios\u00bb, agreg\u00f3 la funcionaria y luego coment\u00f3 que \u00abya hemos dado inicio con diferentes capacitaciones porque creemos que la sensibilizaci\u00f3n y formaci\u00f3n es clave en la erradicaci\u00f3n y prevenci\u00f3n de las violencias\u00bb.<\/p>\n\n\n\n<p>Esta primera sesi\u00f3n del Observatorio, adem\u00e1s cont\u00f3 con la participaci\u00f3n de la directora de la Mujer de Entre R\u00edos, Joaquina Brondi; de la coordinadora de Violencia de G\u00e9nero del \u00e1rea, Paola Vidal; en representaci\u00f3n de la C\u00e1mara de Diputados, Mariana Bentos; por la C\u00e1mara de Senadores, Lucia Borroni; en representaci\u00f3n del Poder Judicial, Fernanda Baiman; por la UNER, Luciana Basso; por UTN, Carina Cangeri; de la Fundaci\u00f3n Micaela estuvo presente Andrea Lescano; de la Asociaci\u00f3n Civil Yanina, Claudia Munilla y Sol Herbel de Agmer Diamante.<\/p>\n\n\n\n<p><strong>Funciones del Observatorio<\/strong><\/p>\n\n\n\n<p>En 2019 Entre R\u00edos, a trav\u00e9s de la Ley 10.768, adhiri\u00f3 a la Ley Nacional 27.499, Ley Micaela, de capacitaci\u00f3n en g\u00e9nero y violencia hacia las mujeres para todas las personas que integran los tres poderes del Estado.<\/p>\n\n\n\n<p>La normativa establece la capacitaci\u00f3n obligatoria y permanente en g\u00e9nero para todas las personas que se desempe\u00f1en en la funci\u00f3n p\u00fablica en todos sus niveles y jerarqu\u00edas. (Poder ejecutivo, legislativo y judicial).<\/p>\n\n\n\n<p>Asimismo la Ley impuls\u00f3 la creaci\u00f3n del Observatorio de Seguimiento de Capacitaci\u00f3n en G\u00e9nero y Violencia contra la Mujer, el que cuenta con representantes de los tres poderes del Estado, de las universidades y de tres organizaciones sociales legalmente conformadas. Ese espacio asesora, participa y sugiere, y adem\u00e1s certifica las capacitaciones de cada organismo.<\/p>\n","protected":false},"excerpt":{"rendered":"<p>Desde el Ministerio de Desarrollo Humano, se convoc&oacute; a la primera sesi&oacute;n ordinaria del Observatorio de Seguimiento de Capacitaci&oacute;n en G&eacute;nero y Violencia contra la Mujer, el cual est&aacute; integrado por representantes de los tres poderes del Estado, organizaciones sociales y universidades. En esta convocatoria inicial se plantearon los ejes principales a desarrollar en futuros [&hellip;]<\/p>\n","protected":false},"author":2,"featured_media":3858,"comment_status":"open","ping_status":"open","sticky":false,"template":"","format":"standard","meta":{"footnotes":""},"categories":[8,726],"tags":[1241,257,1424,1423,255],"class_list":["post-3857","post","type-post","status-publish","format-standard","has-post-thumbnail","hentry","category-provinciales","category-sociedad","tag-capacitacion","tag-entre-rios","tag-genero","tag-observatorio","tag-violencia"],"_links":{"self":[{"href":"https:\/\/partediario.com.ar\/index.php?rest_route=\/wp\/v2\/posts\/3857","targetHints":{"allow":["GET"]}}],"collection":[{"href":"https:\/\/partediario.com.ar\/index.php?rest_route=\/wp\/v2\/posts"}],"about":[{"href":"https:\/\/partediario.com.ar\/index.php?rest_route=\/wp\/v2\/types\/post"}],"author":[{"embeddable":true,"href":"https:\/\/partediario.com.ar\/index.php?rest_route=\/wp\/v2\/users\/2"}],"replies":[{"embeddable":true,"href":"https:\/\/partediario.com.ar\/index.php?rest_route=%2Fwp%2Fv2%2Fcomments&post=3857"}],"version-history":[{"count":1,"href":"https:\/\/partediario.com.ar\/index.php?rest_route=\/wp\/v2\/posts\/3857\/revisions"}],"predecessor-version":[{"id":3859,"href":"https:\/\/partediario.com.ar\/index.php?rest_route=\/wp\/v2\/posts\/3857\/revisions\/3859"}],"wp:featuredmedia":[{"embeddable":true,"href":"https:\/\/partediario.com.ar\/index.php?rest_route=\/wp\/v2\/media\/3858"}],"wp:attachment":[{"href":"https:\/\/partediario.com.ar\/index.php?rest_route=%2Fwp%2Fv2%2Fmedia&parent=3857"}],"wp:term":[{"taxonomy":"category","embeddable":true,"href":"https:\/\/partediario.com.ar\/index.php?rest_route=%2Fwp%2Fv2%2Fcategories&post=3857"},{"taxonomy":"post_tag","embeddable":true,"href":"https:\/\/partediario.com.ar\/index.php?rest_route=%2Fwp%2Fv2%2Ftags&post=3857"}],"curies":[{"name":"wp","href":"https:\/\/api.w.org\/{rel}","templated":true}]}}