{"id":3863,"date":"2024-07-02T21:31:55","date_gmt":"2024-07-03T00:31:55","guid":{"rendered":"https:\/\/partediario.com.ar\/?p=3863"},"modified":"2024-07-03T10:07:21","modified_gmt":"2024-07-03T13:07:21","slug":"llegan-las-vacaciones-de-invierno-en-santa-elena","status":"publish","type":"post","link":"https:\/\/partediario.com.ar\/?p=3863","title":{"rendered":"Llegan las vacaciones de invierno en Santa Elena"},"content":{"rendered":"\n<h3 class=\"wp-block-heading\">Pensaste en tus vacaciones de inverno, la Ciudad Para\u00edso te recibe con su calidez caracter\u00edstica de siempre, hasta en los d\u00edas m\u00e1s fr\u00edos.<\/h3>\n\n\n\n<p>Abrazada por el r\u00edo Paran\u00e1 Santa Elena te invita a disfrutar de una experiencia inigualable, la pesca deportiva, an\u00edmate a desafiar nuestras aguas, la emoci\u00f3n de capturar un dorado o la espera por un enorme Surub\u00ed.<\/p>\n\n\n\n<p><\/p>\n\n\n\n<figure class=\"wp-block-image size-full\"><img loading=\"lazy\" decoding=\"async\" width=\"480\" height=\"600\" src=\"https:\/\/partediario.com.ar\/wp-content\/uploads\/449701686_883886883783068_7565525684257947308_n-1.jpg\" alt=\"\" class=\"wp-image-3883\" srcset=\"https:\/\/partediario.com.ar\/wp-content\/uploads\/449701686_883886883783068_7565525684257947308_n-1.jpg 480w, https:\/\/partediario.com.ar\/wp-content\/uploads\/449701686_883886883783068_7565525684257947308_n-1-240x300.jpg 240w\" sizes=\"auto, (max-width: 480px) 100vw, 480px\" \/><\/figure>\n\n\n\n<p>Record\u00e1 que \u201cLa devoluci\u00f3n que hagas hoy, es tu pesca de ma\u00f1ana\u201d<\/p>\n\n\n\n<p>Adem\u00e1s con lo mejor de su naturaleza, gastronom\u00eda, historia, paisajes y actividades para disfrutar en familia, junto a tus seres queridos.<\/p>\n\n\n\n<p><\/p>\n\n\n\n<figure class=\"wp-block-image size-large\"><img loading=\"lazy\" decoding=\"async\" width=\"819\" height=\"1024\" src=\"https:\/\/partediario.com.ar\/wp-content\/uploads\/449701216_883886543783102_5854167167549811030_n-819x1024.jpg\" alt=\"\" class=\"wp-image-3865\" srcset=\"https:\/\/partediario.com.ar\/wp-content\/uploads\/449701216_883886543783102_5854167167549811030_n-819x1024.jpg 819w, https:\/\/partediario.com.ar\/wp-content\/uploads\/449701216_883886543783102_5854167167549811030_n-240x300.jpg 240w, https:\/\/partediario.com.ar\/wp-content\/uploads\/449701216_883886543783102_5854167167549811030_n-768x960.jpg 768w, https:\/\/partediario.com.ar\/wp-content\/uploads\/449701216_883886543783102_5854167167549811030_n-1229x1536.jpg 1229w, https:\/\/partediario.com.ar\/wp-content\/uploads\/449701216_883886543783102_5854167167549811030_n.jpg 1440w\" sizes=\"auto, (max-width: 819px) 100vw, 819px\" \/><\/figure>\n\n\n\n<p><\/p>\n\n\n\n<p>Termas \u2013 Pesca \u2013 Naturaleza \u2013 Gastronom\u00eda \u2013 Diversi\u00f3n \u2013 Vi\u00f1edo y todo el encanto del Norte Entrerriano<\/p>\n\n\n\n<p>Te esperamos.<\/p>\n\n\n\n<h4 class=\"wp-block-heading\"><a href=\"#CiudadPara\u00edso\">#CiudadPara\u00edso<\/a><\/h4>\n","protected":false},"excerpt":{"rendered":"<p>Pensaste en tus vacaciones de inverno, la Ciudad Para&iacute;so te recibe con su calidez caracter&iacute;stica de siempre, hasta en los d&iacute;as m&aacute;s fr&iacute;os. Abrazada por el r&iacute;o Paran&aacute; Santa Elena te invita a disfrutar de una experiencia inigualable, la pesca deportiva, an&iacute;mate a desafiar nuestras aguas, la emoci&oacute;n de capturar un dorado o la espera [&hellip;]<\/p>\n","protected":false},"author":2,"featured_media":3866,"comment_status":"open","ping_status":"open","sticky":false,"template":"","format":"standard","meta":{"footnotes":""},"categories":[8,726],"tags":[257,1086,207,1431],"class_list":["post-3863","post","type-post","status-publish","format-standard","has-post-thumbnail","hentry","category-provinciales","category-sociedad","tag-entre-rios","tag-invierno","tag-santa-elena","tag-vacaciones"],"_links":{"self":[{"href":"https:\/\/partediario.com.ar\/index.php?rest_route=\/wp\/v2\/posts\/3863","targetHints":{"allow":["GET"]}}],"collection":[{"href":"https:\/\/partediario.com.ar\/index.php?rest_route=\/wp\/v2\/posts"}],"about":[{"href":"https:\/\/partediario.com.ar\/index.php?rest_route=\/wp\/v2\/types\/post"}],"author":[{"embeddable":true,"href":"https:\/\/partediario.com.ar\/index.php?rest_route=\/wp\/v2\/users\/2"}],"replies":[{"embeddable":true,"href":"https:\/\/partediario.com.ar\/index.php?rest_route=%2Fwp%2Fv2%2Fcomments&post=3863"}],"version-history":[{"count":2,"href":"https:\/\/partediario.com.ar\/index.php?rest_route=\/wp\/v2\/posts\/3863\/revisions"}],"predecessor-version":[{"id":3885,"href":"https:\/\/partediario.com.ar\/index.php?rest_route=\/wp\/v2\/posts\/3863\/revisions\/3885"}],"wp:featuredmedia":[{"embeddable":true,"href":"https:\/\/partediario.com.ar\/index.php?rest_route=\/wp\/v2\/media\/3866"}],"wp:attachment":[{"href":"https:\/\/partediario.com.ar\/index.php?rest_route=%2Fwp%2Fv2%2Fmedia&parent=3863"}],"wp:term":[{"taxonomy":"category","embeddable":true,"href":"https:\/\/partediario.com.ar\/index.php?rest_route=%2Fwp%2Fv2%2Fcategories&post=3863"},{"taxonomy":"post_tag","embeddable":true,"href":"https:\/\/partediario.com.ar\/index.php?rest_route=%2Fwp%2Fv2%2Ftags&post=3863"}],"curies":[{"name":"wp","href":"https:\/\/api.w.org\/{rel}","templated":true}]}}