{"id":3928,"date":"2024-07-03T17:46:17","date_gmt":"2024-07-03T20:46:17","guid":{"rendered":"https:\/\/partediario.com.ar\/?p=3928"},"modified":"2024-07-03T17:46:18","modified_gmt":"2024-07-03T20:46:18","slug":"acto-y-desfile-por-la-celebracion-de-dia-de-la-independencia-en-parana","status":"publish","type":"post","link":"https:\/\/partediario.com.ar\/?p=3928","title":{"rendered":"Acto y desfile por la celebraci\u00f3n de d\u00eda de la Independencia en Paran\u00e1"},"content":{"rendered":"\n<p><strong>Se llevar\u00e1n a cabo diversas actividades por la fecha patria. En el marco del desfile se efectuar\u00e1n cortes de calles.<\/strong><\/p>\n\n\n\n<p>La Municipalidad de Paran\u00e1 organiza los festejos por el 208\u00ba aniversario de la Declaraci\u00f3n de la Independencia Argentina. Seg\u00fan lo informado a <strong>PARTE DIARIO<\/strong>, el lunes 8 de julio a las 20.45 tendr\u00e1 lugar la Funci\u00f3n de Gala en el Teatro Municipal 3 de Febrero, donde se presentar\u00e1 la Orquesta Sinf\u00f3nica de Entre R\u00edos.<\/p>\n\n\n\n<p>En el marco de esta conmemoraci\u00f3n, el municipio invita a la ciudadan\u00eda a acompa\u00f1ar los actos centrales previstos para el martes 9 de julio. La agenda se iniciar\u00e1 a las 8.30 en la Plaza 1\u00b0 de Mayo con el Izamiento del Pabell\u00f3n Nacional.<\/p>\n\n\n\n<p>Posteriormente, a las 9.30, se celebrar\u00e1 el Solemne Tedeum en la Parroquia San Jos\u00e9 Obrero, ubicada en Avenida Zanni 2640.<\/p>\n\n\n\n<p>Finalmente, a partir de las 10.30 se llevar\u00e1 a cabo el desfile militar y de fuerzas de seguridad en Avenida Zanni, entre Gobernador Basavilbaso y Bernardo O\u2019 Higgins.<\/p>\n\n\n\n<p><\/p>\n\n\n\n<figure class=\"wp-block-image size-full\"><img loading=\"lazy\" decoding=\"async\" width=\"780\" height=\"431\" src=\"https:\/\/partediario.com.ar\/wp-content\/uploads\/scrnli_3_7_2024_17-34-53.png\" alt=\"\" class=\"wp-image-3929\" srcset=\"https:\/\/partediario.com.ar\/wp-content\/uploads\/scrnli_3_7_2024_17-34-53.png 780w, https:\/\/partediario.com.ar\/wp-content\/uploads\/scrnli_3_7_2024_17-34-53-300x166.png 300w, https:\/\/partediario.com.ar\/wp-content\/uploads\/scrnli_3_7_2024_17-34-53-768x424.png 768w\" sizes=\"auto, (max-width: 780px) 100vw, 780px\" \/><\/figure>\n\n\n\n<p><\/p>\n\n\n\n<p><strong>Operativos de tr\u00e1nsito<\/strong><\/p>\n\n\n\n<p>A trav\u00e9s de la Secretar\u00eda de Seguridad Vial, Movilidad y Ordenamiento Urbano se informa que el 9 de julio habr\u00e1 cortes y restricci\u00f3n de estacionamiento para la realizaci\u00f3n del desfile c\u00edvico militar.<\/p>\n\n\n\n<p><strong>La interrupci\u00f3n del tr\u00e1nsito est\u00e1 prevista entre las 6 y las 13 en:<\/strong><\/p>\n\n\n\n<p>1) Zanni y Hernandarias<\/p>\n\n\n\n<p>2) Zanni y Tibiletti<\/p>\n\n\n\n<p>3) Leonidas Echag\u00fce y Basavilbaso<\/p>\n\n\n\n<p>4) Gdor. Celestino Marco y Medus<\/p>\n\n\n\n<p>5) Gdor. Celestino Marco y Gdor. Pr\u00f3coro Crespo<\/p>\n\n\n\n<p>6) O\u00b4 Higgins y Gdor. Celestino Marco<\/p>\n\n\n\n<p>7) Tibiletti y Gdor. Quiroz<\/p>\n\n\n\n<p>8) Gdor. Quiroz y Gdor. Pr\u00f3coro Crespo<\/p>\n\n\n\n<p>9) Gdor. Quiroz y Dr. Fco. Medus<\/p>\n\n\n\n<p>10) Gdor. Quiroz y Gdor. Basavilbaso<\/p>\n\n\n\n<p>Tambi\u00e9n estar\u00e1 restringido el estacionamiento sobre Zanni entre Hernandarias y Tibiletti en el horario de 0 a 14 del mismo martes 9 de julio.<\/p>\n\n\n\n<p><strong>Los operativos de prevenci\u00f3n se realizar\u00e1n en:<\/strong><\/p>\n\n\n\n<p>1) Zanni y Provincias Unidas<\/p>\n\n\n\n<p>2) Zanni y Leopoldo Herrera<\/p>\n\n\n\n<p>3) Hernandarias y Quiroz<\/p>\n\n\n\n<p>4) Gdor. Celestino Marco y Basavilbaso.<\/p>\n","protected":false},"excerpt":{"rendered":"<p>Se llevar&aacute;n a cabo diversas actividades por la fecha patria. En el marco del desfile se efectuar&aacute;n cortes de calles. La Municipalidad de Paran&aacute; organiza los festejos por el 208&ordm; aniversario de la Declaraci&oacute;n de la Independencia Argentina. Seg&uacute;n lo informado a PARTE DIARIO, el lunes 8 de julio a las 20.45 tendr&aacute; lugar la [&hellip;]<\/p>\n","protected":false},"author":2,"featured_media":3930,"comment_status":"open","ping_status":"open","sticky":false,"template":"","format":"standard","meta":{"footnotes":""},"categories":[6,726],"tags":[709,1454,1450,1364,265],"class_list":["post-3928","post","type-post","status-publish","format-standard","has-post-thumbnail","hentry","category-locales","category-sociedad","tag-acto","tag-desfile","tag-dia","tag-independencia","tag-parana"],"_links":{"self":[{"href":"https:\/\/partediario.com.ar\/index.php?rest_route=\/wp\/v2\/posts\/3928","targetHints":{"allow":["GET"]}}],"collection":[{"href":"https:\/\/partediario.com.ar\/index.php?rest_route=\/wp\/v2\/posts"}],"about":[{"href":"https:\/\/partediario.com.ar\/index.php?rest_route=\/wp\/v2\/types\/post"}],"author":[{"embeddable":true,"href":"https:\/\/partediario.com.ar\/index.php?rest_route=\/wp\/v2\/users\/2"}],"replies":[{"embeddable":true,"href":"https:\/\/partediario.com.ar\/index.php?rest_route=%2Fwp%2Fv2%2Fcomments&post=3928"}],"version-history":[{"count":1,"href":"https:\/\/partediario.com.ar\/index.php?rest_route=\/wp\/v2\/posts\/3928\/revisions"}],"predecessor-version":[{"id":3931,"href":"https:\/\/partediario.com.ar\/index.php?rest_route=\/wp\/v2\/posts\/3928\/revisions\/3931"}],"wp:featuredmedia":[{"embeddable":true,"href":"https:\/\/partediario.com.ar\/index.php?rest_route=\/wp\/v2\/media\/3930"}],"wp:attachment":[{"href":"https:\/\/partediario.com.ar\/index.php?rest_route=%2Fwp%2Fv2%2Fmedia&parent=3928"}],"wp:term":[{"taxonomy":"category","embeddable":true,"href":"https:\/\/partediario.com.ar\/index.php?rest_route=%2Fwp%2Fv2%2Fcategories&post=3928"},{"taxonomy":"post_tag","embeddable":true,"href":"https:\/\/partediario.com.ar\/index.php?rest_route=%2Fwp%2Fv2%2Ftags&post=3928"}],"curies":[{"name":"wp","href":"https:\/\/api.w.org\/{rel}","templated":true}]}}