{"id":3950,"date":"2024-07-04T11:42:26","date_gmt":"2024-07-04T14:42:26","guid":{"rendered":"https:\/\/partediario.com.ar\/?p=3950"},"modified":"2024-07-04T11:42:27","modified_gmt":"2024-07-04T14:42:27","slug":"nuevo-paro-de-colectivos-buses-parana-le-reclama-al-municipio-290-millones-para-poder-abonar-sueldos-y-aguinaldos","status":"publish","type":"post","link":"https:\/\/partediario.com.ar\/?p=3950","title":{"rendered":"\u00bfNUEVO PARO DE COLECTIVOS?: Buses Paran\u00e1 le reclama al municipio $290 millones para poder abonar sueldos y aguinaldos"},"content":{"rendered":"\n<h3 class=\"wp-block-heading\">Marcelo Lischet, de Buses Paran\u00e1, inform\u00f3 que las empresas de colectivos urbanos tienen dificultades para hacerle frente al pago de salarios de junio y el aguinaldo.<\/h3>\n\n\n\n<p>Seg\u00fan manifest\u00f3, hubo incumplimiento del acuerdo alcanzado con la Municipalidad y necesitan $290 millones de pesos para saldar la diferencia de este mes.<\/p>\n\n\n\n<p>Adem\u00e1s indic\u00f3 que se hab\u00eda alcanzado un compromiso entre las empresas, Provincia y Municipio para garantizar los ingresos y asegurar la sostenibilidad del servicio de colectivos mediante el aumento del valor del boleto (que se efectiviz\u00f3) y el aporte extraordinario de fondos<\/p>\n\n\n\n<p>Este segundo punto ser\u00eda el que se estar\u00eda incumpliendo.<\/p>\n\n\n\n<p>Noticia en desarrollo<\/p>\n","protected":false},"excerpt":{"rendered":"<p>Marcelo Lischet, de Buses Paran&aacute;, inform&oacute; que las empresas de colectivos urbanos tienen dificultades para hacerle frente al pago de salarios de junio y el aguinaldo. Seg&uacute;n manifest&oacute;, hubo incumplimiento del acuerdo alcanzado con la Municipalidad y necesitan $290 millones de pesos para saldar la diferencia de este mes. Adem&aacute;s indic&oacute; que se hab&iacute;a alcanzado [&hellip;]<\/p>\n","protected":false},"author":2,"featured_media":3951,"comment_status":"open","ping_status":"open","sticky":false,"template":"","format":"standard","meta":{"footnotes":""},"categories":[978,6,726],"tags":[693,1459,210,504,265,691],"class_list":["post-3950","post","type-post","status-publish","format-standard","has-post-thumbnail","hentry","category-gremiales","category-locales","category-sociedad","tag-buses-parana","tag-marcelo-lischet","tag-municipalidad","tag-pago","tag-parana","tag-paro"],"_links":{"self":[{"href":"https:\/\/partediario.com.ar\/index.php?rest_route=\/wp\/v2\/posts\/3950","targetHints":{"allow":["GET"]}}],"collection":[{"href":"https:\/\/partediario.com.ar\/index.php?rest_route=\/wp\/v2\/posts"}],"about":[{"href":"https:\/\/partediario.com.ar\/index.php?rest_route=\/wp\/v2\/types\/post"}],"author":[{"embeddable":true,"href":"https:\/\/partediario.com.ar\/index.php?rest_route=\/wp\/v2\/users\/2"}],"replies":[{"embeddable":true,"href":"https:\/\/partediario.com.ar\/index.php?rest_route=%2Fwp%2Fv2%2Fcomments&post=3950"}],"version-history":[{"count":1,"href":"https:\/\/partediario.com.ar\/index.php?rest_route=\/wp\/v2\/posts\/3950\/revisions"}],"predecessor-version":[{"id":3952,"href":"https:\/\/partediario.com.ar\/index.php?rest_route=\/wp\/v2\/posts\/3950\/revisions\/3952"}],"wp:featuredmedia":[{"embeddable":true,"href":"https:\/\/partediario.com.ar\/index.php?rest_route=\/wp\/v2\/media\/3951"}],"wp:attachment":[{"href":"https:\/\/partediario.com.ar\/index.php?rest_route=%2Fwp%2Fv2%2Fmedia&parent=3950"}],"wp:term":[{"taxonomy":"category","embeddable":true,"href":"https:\/\/partediario.com.ar\/index.php?rest_route=%2Fwp%2Fv2%2Fcategories&post=3950"},{"taxonomy":"post_tag","embeddable":true,"href":"https:\/\/partediario.com.ar\/index.php?rest_route=%2Fwp%2Fv2%2Ftags&post=3950"}],"curies":[{"name":"wp","href":"https:\/\/api.w.org\/{rel}","templated":true}]}}