{"id":3968,"date":"2024-07-04T18:38:02","date_gmt":"2024-07-04T21:38:02","guid":{"rendered":"https:\/\/partediario.com.ar\/?p=3968"},"modified":"2024-07-04T18:38:04","modified_gmt":"2024-07-04T21:38:04","slug":"a-sala-llena-se-realizo-en-parana-la-muestra-de-la-escuela-municipal-de-danza-2024","status":"publish","type":"post","link":"https:\/\/partediario.com.ar\/?p=3968","title":{"rendered":"A sala llena, se realiz\u00f3 en Paran\u00e1 la muestra de la Escuela Municipal de Danza 2024"},"content":{"rendered":"\n<p><strong>El espect\u00e1culo es parte del proceso formativo realizado en la primera mitad del ciclo lectivo. El Teatro Municipal 3 de Febrero luci\u00f3 repleto este mi\u00e9rcoles, para acompa\u00f1ar la presentaci\u00f3n de 60 estudiantes de diferentes disciplinas art\u00edsticas.<\/strong><\/p>\n\n\n\n<p>La propuesta cultural se denomin\u00f3 Variet\u00e9 Danzas 2024, Danzamos para Respirar, cuyo objetivo es reflejar el proceso de aprendizaje y formaci\u00f3n en folclore, contempor\u00e1neo, cl\u00e1sico y teatro, entre otras.<\/p>\n\n\n\n<p><\/p>\n\n\n\n<figure class=\"wp-block-image size-large\"><img loading=\"lazy\" decoding=\"async\" width=\"1024\" height=\"682\" src=\"https:\/\/partediario.com.ar\/wp-content\/uploads\/1720099822_68ad57830b7ab7e7be67-1024x682.jpeg\" alt=\"\" class=\"wp-image-3969\" srcset=\"https:\/\/partediario.com.ar\/wp-content\/uploads\/1720099822_68ad57830b7ab7e7be67-1024x682.jpeg 1024w, https:\/\/partediario.com.ar\/wp-content\/uploads\/1720099822_68ad57830b7ab7e7be67-300x200.jpeg 300w, https:\/\/partediario.com.ar\/wp-content\/uploads\/1720099822_68ad57830b7ab7e7be67-768x512.jpeg 768w, https:\/\/partediario.com.ar\/wp-content\/uploads\/1720099822_68ad57830b7ab7e7be67.jpeg 1280w\" sizes=\"auto, (max-width: 1024px) 100vw, 1024px\" \/><\/figure>\n\n\n\n<p><\/p>\n\n\n\n<p>\u201cLa Escuela de Danzas Municipal es un espacio emblem\u00e1tico de nuestra ciudad, que depende de la Direcci\u00f3n de Formaci\u00f3n Cultural. Es un \u00e1rea que adem\u00e1s engloba a la Escuela de Circo. Estamos muy contentos porque la sala est\u00e1 llena y porque las familias acompa\u00f1an. Es una muestra que se concreta en conjunto con el Consejo General de Educaci\u00f3n y el esfuerzo de profesores, profesoras y de los estudiantes\u201d, subray\u00f3 el subsecretario de Cultura, Joaqu\u00edn Arij\u00f3n.<\/p>\n\n\n\n<p><\/p>\n\n\n\n<figure class=\"wp-block-image size-large\"><img loading=\"lazy\" decoding=\"async\" width=\"1024\" height=\"682\" src=\"https:\/\/partediario.com.ar\/wp-content\/uploads\/1720099812_f4273c0dc4d7c00f9a88-1024x682.jpeg\" alt=\"\" class=\"wp-image-3970\" srcset=\"https:\/\/partediario.com.ar\/wp-content\/uploads\/1720099812_f4273c0dc4d7c00f9a88-1024x682.jpeg 1024w, https:\/\/partediario.com.ar\/wp-content\/uploads\/1720099812_f4273c0dc4d7c00f9a88-300x200.jpeg 300w, https:\/\/partediario.com.ar\/wp-content\/uploads\/1720099812_f4273c0dc4d7c00f9a88-768x512.jpeg 768w, https:\/\/partediario.com.ar\/wp-content\/uploads\/1720099812_f4273c0dc4d7c00f9a88.jpeg 1280w\" sizes=\"auto, (max-width: 1024px) 100vw, 1024px\" \/><\/figure>\n\n\n\n<p><\/p>\n\n\n\n<p>El funcionario destac\u00f3 adem\u00e1s que \u201ces un espacio que se pone en valor desde la gesti\u00f3n de Rosario Romero\u201d.<\/p>\n\n\n\n<p>La Escuela Municipal de Danza cuenta con talleres y cursos gratuitos de folclore, contempor\u00e1neo, cl\u00e1sico y teatro para todas las edades y en ambos turnos escolares. Est\u00e1n dirigidos a vecinos y vecinas de la ciudad.<\/p>\n\n\n\n<p><\/p>\n\n\n\n<figure class=\"wp-block-embed is-type-video is-provider-youtube wp-block-embed-youtube wp-embed-aspect-16-9 wp-has-aspect-ratio\"><div class=\"wp-block-embed__wrapper\">\n<iframe loading=\"lazy\" title=\"A sala llena, se realiz\u00f3 la muestra de la Escuela Municipal de Danza 2024\" width=\"640\" height=\"360\" src=\"https:\/\/www.youtube.com\/embed\/RFzExglrQFE?feature=oembed\" frameborder=\"0\" allow=\"accelerometer; autoplay; clipboard-write; encrypted-media; gyroscope; picture-in-picture; web-share\" referrerpolicy=\"strict-origin-when-cross-origin\" allowfullscreen><\/iframe>\n<\/div><\/figure>\n","protected":false},"excerpt":{"rendered":"<p>El espect&aacute;culo es parte del proceso formativo realizado en la primera mitad del ciclo lectivo. El Teatro Municipal 3 de Febrero luci&oacute; repleto este mi&eacute;rcoles, para acompa&ntilde;ar la presentaci&oacute;n de 60 estudiantes de diferentes disciplinas art&iacute;sticas. La propuesta cultural se denomin&oacute; Variet&eacute; Danzas 2024, Danzamos para Respirar, cuyo objetivo es reflejar el proceso de aprendizaje [&hellip;]<\/p>\n","protected":false},"author":2,"featured_media":3971,"comment_status":"open","ping_status":"open","sticky":false,"template":"","format":"standard","meta":{"footnotes":""},"categories":[6,726],"tags":[1471,1472,1470,210,265],"class_list":["post-3968","post","type-post","status-publish","format-standard","has-post-thumbnail","hentry","category-locales","category-sociedad","tag-danza","tag-joaquin-arijon","tag-muestra","tag-municipalidad","tag-parana"],"_links":{"self":[{"href":"https:\/\/partediario.com.ar\/index.php?rest_route=\/wp\/v2\/posts\/3968","targetHints":{"allow":["GET"]}}],"collection":[{"href":"https:\/\/partediario.com.ar\/index.php?rest_route=\/wp\/v2\/posts"}],"about":[{"href":"https:\/\/partediario.com.ar\/index.php?rest_route=\/wp\/v2\/types\/post"}],"author":[{"embeddable":true,"href":"https:\/\/partediario.com.ar\/index.php?rest_route=\/wp\/v2\/users\/2"}],"replies":[{"embeddable":true,"href":"https:\/\/partediario.com.ar\/index.php?rest_route=%2Fwp%2Fv2%2Fcomments&post=3968"}],"version-history":[{"count":1,"href":"https:\/\/partediario.com.ar\/index.php?rest_route=\/wp\/v2\/posts\/3968\/revisions"}],"predecessor-version":[{"id":3972,"href":"https:\/\/partediario.com.ar\/index.php?rest_route=\/wp\/v2\/posts\/3968\/revisions\/3972"}],"wp:featuredmedia":[{"embeddable":true,"href":"https:\/\/partediario.com.ar\/index.php?rest_route=\/wp\/v2\/media\/3971"}],"wp:attachment":[{"href":"https:\/\/partediario.com.ar\/index.php?rest_route=%2Fwp%2Fv2%2Fmedia&parent=3968"}],"wp:term":[{"taxonomy":"category","embeddable":true,"href":"https:\/\/partediario.com.ar\/index.php?rest_route=%2Fwp%2Fv2%2Fcategories&post=3968"},{"taxonomy":"post_tag","embeddable":true,"href":"https:\/\/partediario.com.ar\/index.php?rest_route=%2Fwp%2Fv2%2Ftags&post=3968"}],"curies":[{"name":"wp","href":"https:\/\/api.w.org\/{rel}","templated":true}]}}