{"id":3979,"date":"2024-07-04T19:19:26","date_gmt":"2024-07-04T22:19:26","guid":{"rendered":"https:\/\/partediario.com.ar\/?p=3979"},"modified":"2024-07-04T19:19:27","modified_gmt":"2024-07-04T22:19:27","slug":"alcaraz-se-realizo-una-marcha-exigiendo-justicia-por-la-desaparicion-enrique-fabiani","status":"publish","type":"post","link":"https:\/\/partediario.com.ar\/?p=3979","title":{"rendered":"Alcar\u00e1z: se realiz\u00f3 una marcha exigiendo justicia por la desaparici\u00f3n Enrique Fabiani"},"content":{"rendered":"\n<h3 class=\"wp-block-heading\">Enrique Fabiani est\u00e1 desaparecido desde hace un mes. Familiares, amigos y vecinos llevaron a cabo una marcha y rezaron pidiendo por su aparici\u00f3n.<\/h3>\n\n\n\n<p>Enrique Fabiani, de 74 a\u00f1os, se encuentra desaparecido hace un mes. El hombre fue visto por \u00faltima vez en un campo cercano a la localidad de Alcaraz. Este jueves los vecinos de la localidad del departamento La Paz convocaron a una marcha para exigir el r\u00e1pido esclarecimiento del hecho.<\/p>\n\n\n\n<p>El recorrido de la movilizaci\u00f3n, que comprendi\u00f3 la vuelta a la plaza principal, fue encabezado por la esposa de Enrique. El sacerdote del pueblo, los hijos y amigos acompa\u00f1aron. Tambi\u00e9n se sum\u00f3 un nutrido grupo de vecinos.<\/p>\n\n\n\n<p><\/p>\n\n\n\n<figure class=\"wp-block-image size-full\"><img loading=\"lazy\" decoding=\"async\" width=\"1000\" height=\"550\" src=\"https:\/\/partediario.com.ar\/wp-content\/uploads\/MarchaFabianiAlcaraz.jpg\" alt=\"\" class=\"wp-image-3980\" srcset=\"https:\/\/partediario.com.ar\/wp-content\/uploads\/MarchaFabianiAlcaraz.jpg 1000w, https:\/\/partediario.com.ar\/wp-content\/uploads\/MarchaFabianiAlcaraz-300x165.jpg 300w, https:\/\/partediario.com.ar\/wp-content\/uploads\/MarchaFabianiAlcaraz-768x422.jpg 768w\" sizes=\"auto, (max-width: 1000px) 100vw, 1000px\" \/><\/figure>\n\n\n\n<p><\/p>\n\n\n\n<p>Por otro lado, durante la jornada el pueblo rez\u00f3 por su aparici\u00f3n. La parroquia Nuestra Se\u00f1ora del Huerto cont\u00f3 con una gran convocatoria de habitantes de la ciudad.<\/p>\n\n\n\n<p>La familia del hombre mantiene sospechas sobre Julio Lodi, el due\u00f1o de un campo en cuya tranquera desaparece el rastro del hombre.<\/p>\n\n\n\n<p>Por su lado Rub\u00e9n Paglioto, abogado de la familia del desaparecido, expres\u00f3 que hay inconsistencias en las expresiones de funcionarios de la Divisi\u00f3n Abigeato de la Polic\u00eda que intervinieron cuando Lodi los llam\u00f3 porque Fabiani se hab\u00eda perdido cazando y hab\u00eda terminado en su campo.<\/p>\n","protected":false},"excerpt":{"rendered":"<p>Enrique Fabiani est&aacute; desaparecido desde hace un mes. Familiares, amigos y vecinos llevaron a cabo una marcha y rezaron pidiendo por su aparici&oacute;n. Enrique Fabiani, de 74 a&ntilde;os, se encuentra desaparecido hace un mes. El hombre fue visto por &uacute;ltima vez en un campo cercano a la localidad de Alcaraz. Este jueves los vecinos de [&hellip;]<\/p>\n","protected":false},"author":2,"featured_media":3981,"comment_status":"open","ping_status":"open","sticky":false,"template":"","format":"standard","meta":{"footnotes":""},"categories":[979,7,8],"tags":[1477,546,971],"class_list":["post-3979","post","type-post","status-publish","format-standard","has-post-thumbnail","hentry","category-judiciales","category-policiales","category-provinciales","tag-alcaraz","tag-enrique-fabiani","tag-marcha"],"_links":{"self":[{"href":"https:\/\/partediario.com.ar\/index.php?rest_route=\/wp\/v2\/posts\/3979","targetHints":{"allow":["GET"]}}],"collection":[{"href":"https:\/\/partediario.com.ar\/index.php?rest_route=\/wp\/v2\/posts"}],"about":[{"href":"https:\/\/partediario.com.ar\/index.php?rest_route=\/wp\/v2\/types\/post"}],"author":[{"embeddable":true,"href":"https:\/\/partediario.com.ar\/index.php?rest_route=\/wp\/v2\/users\/2"}],"replies":[{"embeddable":true,"href":"https:\/\/partediario.com.ar\/index.php?rest_route=%2Fwp%2Fv2%2Fcomments&post=3979"}],"version-history":[{"count":1,"href":"https:\/\/partediario.com.ar\/index.php?rest_route=\/wp\/v2\/posts\/3979\/revisions"}],"predecessor-version":[{"id":3982,"href":"https:\/\/partediario.com.ar\/index.php?rest_route=\/wp\/v2\/posts\/3979\/revisions\/3982"}],"wp:featuredmedia":[{"embeddable":true,"href":"https:\/\/partediario.com.ar\/index.php?rest_route=\/wp\/v2\/media\/3981"}],"wp:attachment":[{"href":"https:\/\/partediario.com.ar\/index.php?rest_route=%2Fwp%2Fv2%2Fmedia&parent=3979"}],"wp:term":[{"taxonomy":"category","embeddable":true,"href":"https:\/\/partediario.com.ar\/index.php?rest_route=%2Fwp%2Fv2%2Fcategories&post=3979"},{"taxonomy":"post_tag","embeddable":true,"href":"https:\/\/partediario.com.ar\/index.php?rest_route=%2Fwp%2Fv2%2Ftags&post=3979"}],"curies":[{"name":"wp","href":"https:\/\/api.w.org\/{rel}","templated":true}]}}