{"id":3983,"date":"2024-07-04T21:55:55","date_gmt":"2024-07-05T00:55:55","guid":{"rendered":"https:\/\/partediario.com.ar\/?p=3983"},"modified":"2024-07-04T21:55:56","modified_gmt":"2024-07-05T00:55:56","slug":"paro-de-choferes-de-colectivos-desde-provincia-aseguran-que-estan-al-dia-con-el-pago-de-subsidios","status":"publish","type":"post","link":"https:\/\/partediario.com.ar\/?p=3983","title":{"rendered":"Paro de choferes de colectivos: desde Provincia aseguran que est\u00e1n al d\u00eda con el pago de subsidios"},"content":{"rendered":"\n<p><strong>As\u00ed lo confirm\u00f3 el Secretario de Transporte. A las empresas de Paran\u00e1 se les transfirieron $158 millones. Sin embargo, los choferes no cobraron su aguinaldo.<\/strong><\/p>\n\n\n\n<p>El secretario de Transporte de la Provincia, Juan Diego Elsesser, precis\u00f3 que ya se transfiri\u00f3 la totalidad del subsidio a las empresas prestatarias de los servicios urbano y de l\u00edneas provinciales. Cabe recodar que a partir de las 20 de este jueves, un paro de colectivos afecta a Paran\u00e1 y zona metropolitana.<\/p>\n\n\n\n<p>El titular de la repartici\u00f3n provincial inform\u00f3 del accionar de la provincia en el marco de la \u201cretenci\u00f3n de tareas sin concurrencia a los lugares de trabajo\u201d, implementado por la Uni\u00f3n Tranviarios Automotor (UTA) en la noche de este jueves, desde las 20, para Paran\u00e1 y zona metropolitana, compuesta por las localidades de Oro verde, San Benito y Colonia Avellaneda.<\/p>\n\n\n\n<p>\u201cLa provincia pas\u00f3 de tener un subsidio de 260 millones a 500 millones de pesos en este mes, de los cuales se pag\u00f3 la totalidad ayer (mi\u00e9rcoles) a las empresas de transporte de pasajeros de la provincia, tanto del urbano como de las l\u00edneas provinciales\u201d, detall\u00f3.<\/p>\n\n\n\n<p>El titular de Transporte se\u00f1al\u00f3 que \u201ca la ciudad de Paran\u00e1 se le transfirieron 158 millones de subsidio de (transporte) urbano\u201d, y asegur\u00f3: \u201cLa provincia est\u00e1 al d\u00eda con los subsidios, tal como se acord\u00f3 en su momento con las empresas\u201d.<\/p>\n","protected":false},"excerpt":{"rendered":"<p>As&iacute; lo confirm&oacute; el Secretario de Transporte. A las empresas de Paran&aacute; se les transfirieron $158 millones. Sin embargo, los choferes no cobraron su aguinaldo. El secretario de Transporte de la Provincia, Juan Diego Elsesser, precis&oacute; que ya se transfiri&oacute; la totalidad del subsidio a las empresas prestatarias de los servicios urbano y de l&iacute;neas [&hellip;]<\/p>\n","protected":false},"author":2,"featured_media":3984,"comment_status":"open","ping_status":"open","sticky":false,"template":"","format":"standard","meta":{"footnotes":""},"categories":[978,6,726],"tags":[1478,1480,691,496,1479],"class_list":["post-3983","post","type-post","status-publish","format-standard","has-post-thumbnail","hentry","category-gremiales","category-locales","category-sociedad","tag-colectivos","tag-juan-diego-elesser","tag-paro","tag-provincia","tag-uta"],"_links":{"self":[{"href":"https:\/\/partediario.com.ar\/index.php?rest_route=\/wp\/v2\/posts\/3983","targetHints":{"allow":["GET"]}}],"collection":[{"href":"https:\/\/partediario.com.ar\/index.php?rest_route=\/wp\/v2\/posts"}],"about":[{"href":"https:\/\/partediario.com.ar\/index.php?rest_route=\/wp\/v2\/types\/post"}],"author":[{"embeddable":true,"href":"https:\/\/partediario.com.ar\/index.php?rest_route=\/wp\/v2\/users\/2"}],"replies":[{"embeddable":true,"href":"https:\/\/partediario.com.ar\/index.php?rest_route=%2Fwp%2Fv2%2Fcomments&post=3983"}],"version-history":[{"count":1,"href":"https:\/\/partediario.com.ar\/index.php?rest_route=\/wp\/v2\/posts\/3983\/revisions"}],"predecessor-version":[{"id":3985,"href":"https:\/\/partediario.com.ar\/index.php?rest_route=\/wp\/v2\/posts\/3983\/revisions\/3985"}],"wp:featuredmedia":[{"embeddable":true,"href":"https:\/\/partediario.com.ar\/index.php?rest_route=\/wp\/v2\/media\/3984"}],"wp:attachment":[{"href":"https:\/\/partediario.com.ar\/index.php?rest_route=%2Fwp%2Fv2%2Fmedia&parent=3983"}],"wp:term":[{"taxonomy":"category","embeddable":true,"href":"https:\/\/partediario.com.ar\/index.php?rest_route=%2Fwp%2Fv2%2Fcategories&post=3983"},{"taxonomy":"post_tag","embeddable":true,"href":"https:\/\/partediario.com.ar\/index.php?rest_route=%2Fwp%2Fv2%2Ftags&post=3983"}],"curies":[{"name":"wp","href":"https:\/\/api.w.org\/{rel}","templated":true}]}}