{"id":3989,"date":"2024-07-05T09:39:05","date_gmt":"2024-07-05T12:39:05","guid":{"rendered":"https:\/\/partediario.com.ar\/?p=3989"},"modified":"2024-07-05T09:48:52","modified_gmt":"2024-07-05T12:48:52","slug":"parana-paro-de-colectivos-por-tiempo-indeterminado","status":"publish","type":"post","link":"https:\/\/partediario.com.ar\/?p=3989","title":{"rendered":"Paran\u00e1: paro de colectivos por tiempo indeterminado"},"content":{"rendered":"\n<p><strong>Los trabajadores no cobraron la totalidad de sus sueldos y sus aguinaldos, por lo que UTA dispuso un paro de colectivos en Paran\u00e1 y \u00e1rea metropolitana, que por ahora contin\u00faa por tiempo indeterminado.<\/strong><\/p>\n\n\n\n<p>Hay paro de colectivos en Paran\u00e1 y el \u00e1rea metropolitana, esto se debe a la falta de pago de la totalidad del sueldo y el medio aguinaldo a los choferes por parte de las empresas, seg\u00fan se inform\u00f3 desde la Uni\u00f3n Tranviarios Automotor (UTA).<\/p>\n\n\n\n<p>El paro de colectivos se efectiviz\u00f3 desde las 20 de este jueves y, de acuerdo a lo manifestado por el gremio, no tiene fecha de conclusi\u00f3n. Por ello, se estima que la medida de fuerza se mantendr\u00e1 hasta que los trabajadores reciban lo adeudado.<\/p>\n\n\n\n<p>Marcelo Lischet, de Buses Paran\u00e1, expres\u00f3 que las empresas de colectivos urbanos tienen dificultades para hacerle frente al pago de salarios de junio y el aguinaldo. Seg\u00fan precis\u00f3, hubo incumplimiento del acuerdo alcanzado con la Municipalidad y necesitan $ 290 millones de pesos para saldar la diferencia de este mes.<\/p>\n\n\n\n<p>Lischet sostuvo que se hab\u00eda alcanzado un compromiso entre las empresas, Provincia y Municipio para garantizar los ingresos y asegurar la sostenibilidad del servicio de colectivos mediante el aumento del valor del boleto (que se efectiviz\u00f3) y el aporte extraordinario de fondos. Este segundo punto ser\u00eda el que se estar\u00eda incumpliendo.<\/p>\n","protected":false},"excerpt":{"rendered":"<p>Los trabajadores no cobraron la totalidad de sus sueldos y sus aguinaldos, por lo que UTA dispuso un paro de colectivos en Paran&aacute; y &aacute;rea metropolitana, que por ahora contin&uacute;a por tiempo indeterminado. Hay paro de colectivos en Paran&aacute; y el &aacute;rea metropolitana, esto se debe a la falta de pago de la totalidad del [&hellip;]<\/p>\n","protected":false},"author":2,"featured_media":3990,"comment_status":"open","ping_status":"open","sticky":false,"template":"","format":"standard","meta":{"footnotes":""},"categories":[978,6,726],"tags":[1478,1459,265,691,1479],"class_list":["post-3989","post","type-post","status-publish","format-standard","has-post-thumbnail","hentry","category-gremiales","category-locales","category-sociedad","tag-colectivos","tag-marcelo-lischet","tag-parana","tag-paro","tag-uta"],"_links":{"self":[{"href":"https:\/\/partediario.com.ar\/index.php?rest_route=\/wp\/v2\/posts\/3989","targetHints":{"allow":["GET"]}}],"collection":[{"href":"https:\/\/partediario.com.ar\/index.php?rest_route=\/wp\/v2\/posts"}],"about":[{"href":"https:\/\/partediario.com.ar\/index.php?rest_route=\/wp\/v2\/types\/post"}],"author":[{"embeddable":true,"href":"https:\/\/partediario.com.ar\/index.php?rest_route=\/wp\/v2\/users\/2"}],"replies":[{"embeddable":true,"href":"https:\/\/partediario.com.ar\/index.php?rest_route=%2Fwp%2Fv2%2Fcomments&post=3989"}],"version-history":[{"count":2,"href":"https:\/\/partediario.com.ar\/index.php?rest_route=\/wp\/v2\/posts\/3989\/revisions"}],"predecessor-version":[{"id":3992,"href":"https:\/\/partediario.com.ar\/index.php?rest_route=\/wp\/v2\/posts\/3989\/revisions\/3992"}],"wp:featuredmedia":[{"embeddable":true,"href":"https:\/\/partediario.com.ar\/index.php?rest_route=\/wp\/v2\/media\/3990"}],"wp:attachment":[{"href":"https:\/\/partediario.com.ar\/index.php?rest_route=%2Fwp%2Fv2%2Fmedia&parent=3989"}],"wp:term":[{"taxonomy":"category","embeddable":true,"href":"https:\/\/partediario.com.ar\/index.php?rest_route=%2Fwp%2Fv2%2Fcategories&post=3989"},{"taxonomy":"post_tag","embeddable":true,"href":"https:\/\/partediario.com.ar\/index.php?rest_route=%2Fwp%2Fv2%2Ftags&post=3989"}],"curies":[{"name":"wp","href":"https:\/\/api.w.org\/{rel}","templated":true}]}}