{"id":3993,"date":"2024-07-05T10:03:12","date_gmt":"2024-07-05T13:03:12","guid":{"rendered":"https:\/\/partediario.com.ar\/?p=3993"},"modified":"2024-07-05T10:03:13","modified_gmt":"2024-07-05T13:03:13","slug":"patricia-bullrich-se-comunico-con-los-familiares-de-fabiani-el-hombre-desaparecido-en-entre-rios","status":"publish","type":"post","link":"https:\/\/partediario.com.ar\/?p=3993","title":{"rendered":"Patricia Bullrich se comunic\u00f3 con los familiares de Fabiani, el hombre desaparecido en Entre R\u00edos"},"content":{"rendered":"\n<p><strong>La Ministra de Seguridad se\u00f1al\u00f3 que est\u00e1 en conocimiento de la situaci\u00f3n del jubilado que fue visto por \u00faltima el 4 de junio en un campo entrerriano, en la zona de Alcar\u00e1z.<\/strong><\/p>\n\n\n\n<p>Enrique Fabiani lleva casi un mes desaparecido, luego de salir de caza el 4 de junio en Mojones departamento de Villaguay, Entre R\u00edos, junto a dos amigos. El jubilado, de 74 a\u00f1os, oriundo de Santa Fe, est\u00e1 siendo buscado por la Polic\u00eda de Entre R\u00edos y han surgido diversas versiones en medio de la investigaci\u00f3n.<\/p>\n\n\n\n<p>Este jueves, la Ministra de Seguridad de la Naci\u00f3n, Patricia Bullrich se contact\u00f3 con la familia de Fabiani y expres\u00f3 estar al tanto de la situaci\u00f3n lo que abre un escenario distinto y esperanzador para la familia que se encuentra en una situaci\u00f3n de mucha angustia ante la falta de respuesta por parte de los investigadores.<\/p>\n\n\n\n<p>En medio de la incertidumbre por el caso, Rub\u00e9n Paglioto, abogado de la familia de Enrique Fabiani -desaparecido hace 27 d\u00edas luego de salir a cazar- manifest\u00f3 que existen dos hip\u00f3tesis principales en torno a la ausencia del hombre. Sin embargo se encarg\u00f3 de aclarar que no se descarta nada.<\/p>\n\n\n\n<p><\/p>\n\n\n\n<figure class=\"wp-block-image size-full\"><img loading=\"lazy\" decoding=\"async\" width=\"796\" height=\"447\" src=\"https:\/\/partediario.com.ar\/wp-content\/uploads\/scrnli_5_7_2024_10-01-16.png\" alt=\"\" class=\"wp-image-3994\" srcset=\"https:\/\/partediario.com.ar\/wp-content\/uploads\/scrnli_5_7_2024_10-01-16.png 796w, https:\/\/partediario.com.ar\/wp-content\/uploads\/scrnli_5_7_2024_10-01-16-300x168.png 300w, https:\/\/partediario.com.ar\/wp-content\/uploads\/scrnli_5_7_2024_10-01-16-768x431.png 768w\" sizes=\"auto, (max-width: 796px) 100vw, 796px\" \/><\/figure>\n\n\n\n<p><\/p>\n\n\n\n<p>\u201cVamos a citar a declarar a un funcionario de Abigeato de Bovril que se manifest\u00f3 ante Germ\u00e1n Fabiani -hijo de Enrique- ante su esposa y frente a una escribana. Despert\u00f3 sospechas, por lo que cuenta \u00e9l y por lo que, por otro lado, informa la Divisi\u00f3n\u201d, se\u00f1al\u00f3 Paglioto. Y acot\u00f3: \u201cNo estamos abriendo ninguna imputaci\u00f3n, pero no descartamos nada. A m\u00ed me genera muchas dudas y pongo especial foco en el personal de Abigeato que fue al campo de Lodi. Hay inconsistencias\u201c.<\/p>\n\n\n\n<p>El 4 de junio Fabiani fue a cazar con dos amigos y alrededor de las 18 se separ\u00f3. Fue all\u00ed cuando se perdi\u00f3 y fue visto entre las 22 y las 23, por trabajadores que se encontraban en un campo.<\/p>\n\n\n\n<p>Luego se supo que ingres\u00f3 a una estancia, cuyo due\u00f1o es Julio Lodi, y se encuentra ubicada en la zona Alcar\u00e1z, Departamento Paran\u00e1.<\/p>\n\n\n\n<p>Seg\u00fan relat\u00f3 el due\u00f1o de la casa, al ver llegar a Fabiani sali\u00f3 y lo increp\u00f3, pregunt\u00e1ndole qu\u00e9 hac\u00eda all\u00ed porque portaba un arma de caza.<\/p>\n\n\n\n<p>La hija de Fabiani relat\u00f3 como fueron los hechos de acuerdo a la informaci\u00f3n que recibi\u00f3 y seg\u00fan manifest\u00f3 ella no descarta ninguna hip\u00f3tesis. \u201cNos dijeron que el due\u00f1o de la casa lo alumbr\u00f3 con un linterna hasta la tranquera\u201d.<\/p>\n\n\n\n<p>Lodi le recrimin\u00f3 que estaba en un campo privado y lo ech\u00f3 seg\u00fan consta en la causa, el estanciero tambi\u00e9n le advirti\u00f3 que si no se iba, iba a disparar. Fabiani pidi\u00f3 disculpas y se retir\u00f3. El propietario del campo declar\u00f3 que ilumin\u00f3 al hombre con una linterna de alto poder hasta que cruz\u00f3 la tranquera.<\/p>\n","protected":false},"excerpt":{"rendered":"<p>La Ministra de Seguridad se&ntilde;al&oacute; que est&aacute; en conocimiento de la situaci&oacute;n del jubilado que fue visto por &uacute;ltima el 4 de junio en un campo entrerriano, en la zona de Alcar&aacute;z. Enrique Fabiani lleva casi un mes desaparecido, luego de salir de caza el 4 de junio en Mojones departamento de Villaguay, Entre R&iacute;os, [&hellip;]<\/p>\n","protected":false},"author":2,"featured_media":3995,"comment_status":"open","ping_status":"open","sticky":false,"template":"","format":"standard","meta":{"footnotes":""},"categories":[7,8],"tags":[1477,1482,546,257,510],"class_list":["post-3993","post","type-post","status-publish","format-standard","has-post-thumbnail","hentry","category-policiales","category-provinciales","tag-alcaraz","tag-comunicacion","tag-enrique-fabiani","tag-entre-rios","tag-patricia-bullrich"],"_links":{"self":[{"href":"https:\/\/partediario.com.ar\/index.php?rest_route=\/wp\/v2\/posts\/3993","targetHints":{"allow":["GET"]}}],"collection":[{"href":"https:\/\/partediario.com.ar\/index.php?rest_route=\/wp\/v2\/posts"}],"about":[{"href":"https:\/\/partediario.com.ar\/index.php?rest_route=\/wp\/v2\/types\/post"}],"author":[{"embeddable":true,"href":"https:\/\/partediario.com.ar\/index.php?rest_route=\/wp\/v2\/users\/2"}],"replies":[{"embeddable":true,"href":"https:\/\/partediario.com.ar\/index.php?rest_route=%2Fwp%2Fv2%2Fcomments&post=3993"}],"version-history":[{"count":1,"href":"https:\/\/partediario.com.ar\/index.php?rest_route=\/wp\/v2\/posts\/3993\/revisions"}],"predecessor-version":[{"id":3996,"href":"https:\/\/partediario.com.ar\/index.php?rest_route=\/wp\/v2\/posts\/3993\/revisions\/3996"}],"wp:featuredmedia":[{"embeddable":true,"href":"https:\/\/partediario.com.ar\/index.php?rest_route=\/wp\/v2\/media\/3995"}],"wp:attachment":[{"href":"https:\/\/partediario.com.ar\/index.php?rest_route=%2Fwp%2Fv2%2Fmedia&parent=3993"}],"wp:term":[{"taxonomy":"category","embeddable":true,"href":"https:\/\/partediario.com.ar\/index.php?rest_route=%2Fwp%2Fv2%2Fcategories&post=3993"},{"taxonomy":"post_tag","embeddable":true,"href":"https:\/\/partediario.com.ar\/index.php?rest_route=%2Fwp%2Fv2%2Ftags&post=3993"}],"curies":[{"name":"wp","href":"https:\/\/api.w.org\/{rel}","templated":true}]}}