{"id":3997,"date":"2024-07-05T10:27:50","date_gmt":"2024-07-05T13:27:50","guid":{"rendered":"https:\/\/partediario.com.ar\/?p=3997"},"modified":"2024-07-05T10:27:51","modified_gmt":"2024-07-05T13:27:51","slug":"clima-en-entre-rios-la-ola-polar-llego-para-quedarse","status":"publish","type":"post","link":"https:\/\/partediario.com.ar\/?p=3997","title":{"rendered":"Clima en Entre R\u00edos: la ola polar lleg\u00f3 para quedarse"},"content":{"rendered":"\n<p><strong>La ola polar se afianza en zona central del pa\u00eds. Se registrar\u00e1n las temperaturas m\u00e1s bajas con heladas intensas hasta el domingo en Entre R\u00edos.<\/strong><\/p>\n\n\n\n<p>La ola polar se encuentra estacionada en la zona central de Argentina y se afianzar\u00e1 sobre el pa\u00eds. Esto producir\u00e1 que la masa de aire fr\u00edo se establezca durante varios d\u00edas consecutivos sobre la mayor parte del territorio nacional, promoviendo estabilidad y heladas de variada intensidad. En la provincia de Entre R\u00eds se esperan heladas en casi todo el territorio.<\/p>\n\n\n\n<p>El momento cr\u00edtico para la porci\u00f3n central ser\u00e1 durante el viernes y s\u00e1bado y en la franja norte entre el s\u00e1bado y el domingo. Sin embargo remarc\u00f3 que el per\u00edodo de los pr\u00f3ximos siete d\u00edas ser\u00e1 extremadamente fr\u00edo en todo el pa\u00eds.<\/p>\n\n\n\n<p>En Entre R\u00edos se aguardan m\u00ednimas de un grado a dos bajo cero el s\u00e1bado y domingo. Con el paso de los d\u00edas se dar\u00eda un muy leve ascenso, pese a lo cual durante las madrugadas no se pasar\u00edan los cinco grados y durante las tardes, apenas se alcanzar\u00edan los 15 grados.<\/p>\n\n\n\n<p>En la regi\u00f3n pampeana, los valores m\u00e1s bajos se observar\u00e1n sobre el centro y sudoeste de Buenos Aires, con registros t\u00e9rmicos que pueden alcanzar valores cercanos a 5 \u00baC bajo cero, con los n\u00facleos m\u00e1s destacados sobre Sierra de la Ventana, pudiendo ser uno de los puntos m\u00e1s fr\u00edos de la regi\u00f3n\u201d.<\/p>\n\n\n\n<p>Otra zona para subrayar es el sector serrano de las provincias de C\u00f3rdoba y San Luis, zonas en las que la temperatura puede llegar hasta -8 \u00baC. En tanto, sobre la regi\u00f3n cuyana, los valores m\u00e1s bajos se dar\u00e1n sobre el sur de Mendoza, con marcas inferiores a los 3 \u00baC bajo cero, aunque en zonas cordilleranas las temperaturas ser\u00e1n notablemente inferiores.<\/p>\n\n\n\n<p><\/p>\n\n\n\n<figure class=\"wp-block-image size-full\"><img loading=\"lazy\" decoding=\"async\" width=\"681\" height=\"556\" src=\"https:\/\/partediario.com.ar\/wp-content\/uploads\/scrnli_5_7_2024_10-24-24.png\" alt=\"\" class=\"wp-image-3998\" srcset=\"https:\/\/partediario.com.ar\/wp-content\/uploads\/scrnli_5_7_2024_10-24-24.png 681w, https:\/\/partediario.com.ar\/wp-content\/uploads\/scrnli_5_7_2024_10-24-24-300x245.png 300w\" sizes=\"auto, (max-width: 681px) 100vw, 681px\" \/><\/figure>\n","protected":false},"excerpt":{"rendered":"<p>La ola polar se afianza en zona central del pa&iacute;s. Se registrar&aacute;n las temperaturas m&aacute;s bajas con heladas intensas hasta el domingo en Entre R&iacute;os. La ola polar se encuentra estacionada en la zona central de Argentina y se afianzar&aacute; sobre el pa&iacute;s. Esto producir&aacute; que la masa de aire fr&iacute;o se establezca durante varios [&hellip;]<\/p>\n","protected":false},"author":2,"featured_media":3999,"comment_status":"open","ping_status":"open","sticky":false,"template":"","format":"standard","meta":{"footnotes":""},"categories":[8,726],"tags":[267,257],"class_list":["post-3997","post","type-post","status-publish","format-standard","has-post-thumbnail","hentry","category-provinciales","category-sociedad","tag-clima","tag-entre-rios"],"_links":{"self":[{"href":"https:\/\/partediario.com.ar\/index.php?rest_route=\/wp\/v2\/posts\/3997","targetHints":{"allow":["GET"]}}],"collection":[{"href":"https:\/\/partediario.com.ar\/index.php?rest_route=\/wp\/v2\/posts"}],"about":[{"href":"https:\/\/partediario.com.ar\/index.php?rest_route=\/wp\/v2\/types\/post"}],"author":[{"embeddable":true,"href":"https:\/\/partediario.com.ar\/index.php?rest_route=\/wp\/v2\/users\/2"}],"replies":[{"embeddable":true,"href":"https:\/\/partediario.com.ar\/index.php?rest_route=%2Fwp%2Fv2%2Fcomments&post=3997"}],"version-history":[{"count":1,"href":"https:\/\/partediario.com.ar\/index.php?rest_route=\/wp\/v2\/posts\/3997\/revisions"}],"predecessor-version":[{"id":4000,"href":"https:\/\/partediario.com.ar\/index.php?rest_route=\/wp\/v2\/posts\/3997\/revisions\/4000"}],"wp:featuredmedia":[{"embeddable":true,"href":"https:\/\/partediario.com.ar\/index.php?rest_route=\/wp\/v2\/media\/3999"}],"wp:attachment":[{"href":"https:\/\/partediario.com.ar\/index.php?rest_route=%2Fwp%2Fv2%2Fmedia&parent=3997"}],"wp:term":[{"taxonomy":"category","embeddable":true,"href":"https:\/\/partediario.com.ar\/index.php?rest_route=%2Fwp%2Fv2%2Fcategories&post=3997"},{"taxonomy":"post_tag","embeddable":true,"href":"https:\/\/partediario.com.ar\/index.php?rest_route=%2Fwp%2Fv2%2Ftags&post=3997"}],"curies":[{"name":"wp","href":"https:\/\/api.w.org\/{rel}","templated":true}]}}