{"id":4001,"date":"2024-07-05T10:44:50","date_gmt":"2024-07-05T13:44:50","guid":{"rendered":"https:\/\/partediario.com.ar\/?p=4001"},"modified":"2024-07-05T10:44:55","modified_gmt":"2024-07-05T13:44:55","slug":"federico-sturzenegger-es-el-nuevo-ministro-de-desregulacion-y-transformacion-del-estado","status":"publish","type":"post","link":"https:\/\/partediario.com.ar\/?p=4001","title":{"rendered":"Federico Sturzenegger, es el nuevo ministro de Desregulaci\u00f3n y Transformaci\u00f3n del Estado"},"content":{"rendered":"\n<h3 class=\"wp-block-heading\">El Gobierno nacional design\u00f3 al exdiputado del PRO y funcionario de Mauricio Macri, quien particip\u00f3 en la creaci\u00f3n de la Ley Bases y el mega DNU de Javier Milei.<\/h3>\n\n\n\n<p>El Gobierno nacional nombr\u00f3 a Federico Sturzenegger como nuevo ministro de Desregulaci\u00f3n y Transformaci\u00f3n del Estado. La decisi\u00f3n fue comunicada a trav\u00e9s del decreto 586\/2024, publicado este viernes en el Bolet\u00edn oficial.<\/p>\n\n\n\n<p>Este viernes por la tarde el presidente Javier Milei pondr\u00e1 formalmente en funciones a Sturzenegger, quien desembarca en el Gabinete al frente del nuevo ministerio, que tendr\u00e1 como misi\u00f3n central continuar con iniciativas tendientes a desregular el Estado.<\/p>\n\n\n\n<p>Esto ya se puso en marcha con el mega DNU y la Ley de Bases, ambos de su autor\u00eda.<\/p>\n\n\n\n<p>El economista, de 57 a\u00f1os, ocup\u00f3 distintos cargos en la funci\u00f3n p\u00fablica, ya que se desempe\u00f1\u00f3 como Secretario de Pol\u00edtica Econ\u00f3mica en el gobierno de Fernando De la R\u00faa, fue titular del Banco Ciudad durante el mandato de Mauricio Macri como jefe de gobierno porte\u00f1o, y tambi\u00e9n estuvo al frente del Banco Central con Macri como presidente de la Naci\u00f3n.<\/p>\n\n\n\n<p>Tambi\u00e9n fue diputado nacional del PRO en representaci\u00f3n de la Ciudad, entre 2013 y 2015.<\/p>\n","protected":false},"excerpt":{"rendered":"<p>El Gobierno nacional design&oacute; al exdiputado del PRO y funcionario de Mauricio Macri, quien particip&oacute; en la creaci&oacute;n de la Ley Bases y el mega DNU de Javier Milei. El Gobierno nacional nombr&oacute; a Federico Sturzenegger como nuevo ministro de Desregulaci&oacute;n y Transformaci&oacute;n del Estado. La decisi&oacute;n fue comunicada a trav&eacute;s del decreto 586\/2024, publicado [&hellip;]<\/p>\n","protected":false},"author":2,"featured_media":4002,"comment_status":"open","ping_status":"open","sticky":false,"template":"","format":"standard","meta":{"footnotes":""},"categories":[5,176],"tags":[1484,232,1483],"class_list":["post-4001","post","type-post","status-publish","format-standard","has-post-thumbnail","hentry","category-nacionales","category-politica","tag-federico-sturzenegger","tag-javier-milei","tag-ministro"],"_links":{"self":[{"href":"https:\/\/partediario.com.ar\/index.php?rest_route=\/wp\/v2\/posts\/4001","targetHints":{"allow":["GET"]}}],"collection":[{"href":"https:\/\/partediario.com.ar\/index.php?rest_route=\/wp\/v2\/posts"}],"about":[{"href":"https:\/\/partediario.com.ar\/index.php?rest_route=\/wp\/v2\/types\/post"}],"author":[{"embeddable":true,"href":"https:\/\/partediario.com.ar\/index.php?rest_route=\/wp\/v2\/users\/2"}],"replies":[{"embeddable":true,"href":"https:\/\/partediario.com.ar\/index.php?rest_route=%2Fwp%2Fv2%2Fcomments&post=4001"}],"version-history":[{"count":1,"href":"https:\/\/partediario.com.ar\/index.php?rest_route=\/wp\/v2\/posts\/4001\/revisions"}],"predecessor-version":[{"id":4003,"href":"https:\/\/partediario.com.ar\/index.php?rest_route=\/wp\/v2\/posts\/4001\/revisions\/4003"}],"wp:featuredmedia":[{"embeddable":true,"href":"https:\/\/partediario.com.ar\/index.php?rest_route=\/wp\/v2\/media\/4002"}],"wp:attachment":[{"href":"https:\/\/partediario.com.ar\/index.php?rest_route=%2Fwp%2Fv2%2Fmedia&parent=4001"}],"wp:term":[{"taxonomy":"category","embeddable":true,"href":"https:\/\/partediario.com.ar\/index.php?rest_route=%2Fwp%2Fv2%2Fcategories&post=4001"},{"taxonomy":"post_tag","embeddable":true,"href":"https:\/\/partediario.com.ar\/index.php?rest_route=%2Fwp%2Fv2%2Ftags&post=4001"}],"curies":[{"name":"wp","href":"https:\/\/api.w.org\/{rel}","templated":true}]}}