{"id":4007,"date":"2024-07-05T10:55:15","date_gmt":"2024-07-05T13:55:15","guid":{"rendered":"https:\/\/partediario.com.ar\/?p=4007"},"modified":"2024-07-05T10:55:16","modified_gmt":"2024-07-05T13:55:16","slug":"el-gobierno-nacional-desliza-que-buscaran-eliminar-las-paso","status":"publish","type":"post","link":"https:\/\/partediario.com.ar\/?p=4007","title":{"rendered":"El Gobierno nacional desliza que buscar\u00e1n eliminar las PASO"},"content":{"rendered":"\n<p><strong>El jefe de Gabinete, Guillermo Francos, afirm\u00f3 que el Gobierno intentar\u00e1 implementar una reforma electoral para eliminar las elecciones Primarias, Abiertas, Simult\u00e1neas y Obligatorias: \u201cNo se pueden gastar u$s52 millones en unas PASO\u201d, expres\u00f3.<\/strong><\/p>\n\n\n\n<p>El funcionario manifest\u00f3 en el marco de un evento de negocios y subray\u00f3 a la reforma electoral como uno de los pr\u00f3ximos desaf\u00edos para la gesti\u00f3n de La Libertad Avanza (LLA): \u201cEstamos encarando otros proyectos para ser m\u00e1s serios. \u00bfC\u00f3mo es lo de los partidos pol\u00edticos en la Argentina, que tengamos 600 partidos?\u201d, apunt\u00f3.<\/p>\n\n\n\n<p>\u201cNo puede ser que en una PASO se gasten 52 millones de d\u00f3lares. Vinimos a terminar con esos curros, tenemos ordenarnos pol\u00edticamente. Sino ese hartazgo anti pol\u00edtica que nos llev\u00f3 al Gobierno se nos puede volver en contra a nosotros si no hacemos algo con eso\u201d, destac\u00f3.<\/p>\n\n\n\n<p>Y agreg\u00f3 que \u201cno nos parece preocupante ni significativa la actuaci\u00f3n de los mercados\u201d. La posibilidad de crecer es enorme, venimos de un per\u00edodo malo\u201d.<\/p>\n\n\n\n<p>Tambi\u00e9n dijo que: \u201cEs cierto que hemos dado un paso adelante y nos quedan muchos por dar. Cuando era ministro del Interior, me ped\u00edan entrevistas unos 150 fondos internacionales y todos ven\u00edan a averiguar sobre la gobernabilidad. Ven\u00edan a preguntar: \u2018\u00bfsale la Ley Bases, el RIGI?\u2019 Gener\u00f3 una expectativa muy grande\u201d, indic\u00f3.<\/p>\n\n\n\n<p>El proyecto de reforma electoral de Javier Milei apunta directamente al voto joven y, m\u00e1s all\u00e1 de la implementaci\u00f3n de la Boleta \u00danica, desde el Gobierno se menciona una posible baja de edad para votar que podr\u00eda ubicarse en los 13 a\u00f1os pero sin la obligatoriedad de hacerlo.<\/p>\n\n\n\n<p>El voto joven es la franja del electorado donde Javier Milei es mas fuerte y el proyecto va en ese sentido, la idea es aportar a La Libertad Avanza mayor volumen electoral de cara a las legislativas 2025. En el Congreso existe una ley no escrita de no debatir proyectos de reforma pol\u00edtica durante a\u00f1os electorales, por lo que la iniciativa deber\u00eda ser presentada antes del 31 de diciembre para poder ser convertida en ley.<\/p>\n\n\n\n<p>El proyecto de bajar la edad de votaci\u00f3n, que actualmente es de 16 a\u00f1os, avanza paralelamente con el anuncio de otro proyecto de ley pero para bajar la edad de imputabilidad. La medida que impulsan Mariano C\u00faneo Libarona (Justicia) y Patricia Bullrich (Seguridad) se trata de una nueva ley Penal Juvenil que ser\u00e1 enviada al Congreso para bajar a 13 a\u00f1os la edad de imputabilidad.<\/p>\n","protected":false},"excerpt":{"rendered":"<p>El jefe de Gabinete, Guillermo Francos, afirm&oacute; que el Gobierno intentar&aacute; implementar una reforma electoral para eliminar las elecciones Primarias, Abiertas, Simult&aacute;neas y Obligatorias: &ldquo;No se pueden gastar u$s52 millones en unas PASO&rdquo;, expres&oacute;. El funcionario manifest&oacute; en el marco de un evento de negocios y subray&oacute; a la reforma electoral como uno de los [&hellip;]<\/p>\n","protected":false},"author":2,"featured_media":4008,"comment_status":"open","ping_status":"open","sticky":false,"template":"","format":"standard","meta":{"footnotes":""},"categories":[5,176],"tags":[329,1294],"class_list":["post-4007","post","type-post","status-publish","format-standard","has-post-thumbnail","hentry","category-nacionales","category-politica","tag-guillermo-francos","tag-paso"],"_links":{"self":[{"href":"https:\/\/partediario.com.ar\/index.php?rest_route=\/wp\/v2\/posts\/4007","targetHints":{"allow":["GET"]}}],"collection":[{"href":"https:\/\/partediario.com.ar\/index.php?rest_route=\/wp\/v2\/posts"}],"about":[{"href":"https:\/\/partediario.com.ar\/index.php?rest_route=\/wp\/v2\/types\/post"}],"author":[{"embeddable":true,"href":"https:\/\/partediario.com.ar\/index.php?rest_route=\/wp\/v2\/users\/2"}],"replies":[{"embeddable":true,"href":"https:\/\/partediario.com.ar\/index.php?rest_route=%2Fwp%2Fv2%2Fcomments&post=4007"}],"version-history":[{"count":1,"href":"https:\/\/partediario.com.ar\/index.php?rest_route=\/wp\/v2\/posts\/4007\/revisions"}],"predecessor-version":[{"id":4009,"href":"https:\/\/partediario.com.ar\/index.php?rest_route=\/wp\/v2\/posts\/4007\/revisions\/4009"}],"wp:featuredmedia":[{"embeddable":true,"href":"https:\/\/partediario.com.ar\/index.php?rest_route=\/wp\/v2\/media\/4008"}],"wp:attachment":[{"href":"https:\/\/partediario.com.ar\/index.php?rest_route=%2Fwp%2Fv2%2Fmedia&parent=4007"}],"wp:term":[{"taxonomy":"category","embeddable":true,"href":"https:\/\/partediario.com.ar\/index.php?rest_route=%2Fwp%2Fv2%2Fcategories&post=4007"},{"taxonomy":"post_tag","embeddable":true,"href":"https:\/\/partediario.com.ar\/index.php?rest_route=%2Fwp%2Fv2%2Ftags&post=4007"}],"curies":[{"name":"wp","href":"https:\/\/api.w.org\/{rel}","templated":true}]}}