{"id":4022,"date":"2024-07-05T12:56:44","date_gmt":"2024-07-05T15:56:44","guid":{"rendered":"https:\/\/partediario.com.ar\/?p=4022"},"modified":"2024-07-05T12:56:45","modified_gmt":"2024-07-05T15:56:45","slug":"en-entre-rios-se-produjeron-mas-de-6-mil-expedientes-sobre-violencia-familiar-contra-la-mujer-y-vinculados","status":"publish","type":"post","link":"https:\/\/partediario.com.ar\/?p=4022","title":{"rendered":"En Entre R\u00edos se produjeron m\u00e1s de 6 mil expedientes sobre violencia familiar, contra la mujer y vinculados"},"content":{"rendered":"\n<p><strong>La Oficina de Violencia de G\u00e9nero del Superior Tribunal de Justicia dio a conocer el informe, que corresponde al primer semestre de este a\u00f1o, del Registro Judicial de Causas y Antecedentes de Violencia (REJUCAV) de Entre R\u00edos.<\/strong><\/p>\n\n\n\n<p>Del informe dado a conocer se desprende que se iniciaron 1.885 expedientes de violencia familiar; 3.305 de violencia contra la mujer y 1.103 penales, haciendo un total del 6.293.<\/p>\n\n\n\n<p>Sobre un total de 6.774 v\u00edctimas registradas en los procesos, 6.060 son mujeres y ni\u00f1as.<\/p>\n\n\n\n<p>El informe refleja los datos estad\u00edsticos de ese per\u00edodo y el que se logra a partir de la recolecci\u00f3n y sistematizaci\u00f3n de la informaci\u00f3n jur\u00eddica que cada organismo del Poder Judicial provincial carga diariamente en el REJUCAV, causas referidas a violencia familiar y contra las mujeres, as\u00ed como de delitos cometidos en raz\u00f3n de dichas clases de violencias.<\/p>\n\n\n\n<p>Los resultados expuestos constituyen una muestra del trabajo conjunto en pos de generar estad\u00edsticas referidas al tema en materia jurisdiccional y su abordaje judicial, as\u00ed como hacer visible la problem\u00e1tica de las violencias por razones de g\u00e9nero.<\/p>\n","protected":false},"excerpt":{"rendered":"<p>La Oficina de Violencia de G&eacute;nero del Superior Tribunal de Justicia dio a conocer el informe, que corresponde al primer semestre de este a&ntilde;o, del Registro Judicial de Causas y Antecedentes de Violencia (REJUCAV) de Entre R&iacute;os. Del informe dado a conocer se desprende que se iniciaron 1.885 expedientes de violencia familiar; 3.305 de violencia [&hellip;]<\/p>\n","protected":false},"author":2,"featured_media":4023,"comment_status":"open","ping_status":"open","sticky":false,"template":"","format":"standard","meta":{"footnotes":""},"categories":[979,8],"tags":[257,1493,1015,1494,255],"class_list":["post-4022","post","type-post","status-publish","format-standard","has-post-thumbnail","hentry","category-judiciales","category-provinciales","tag-entre-rios","tag-familiar","tag-informe","tag-stjer","tag-violencia"],"_links":{"self":[{"href":"https:\/\/partediario.com.ar\/index.php?rest_route=\/wp\/v2\/posts\/4022","targetHints":{"allow":["GET"]}}],"collection":[{"href":"https:\/\/partediario.com.ar\/index.php?rest_route=\/wp\/v2\/posts"}],"about":[{"href":"https:\/\/partediario.com.ar\/index.php?rest_route=\/wp\/v2\/types\/post"}],"author":[{"embeddable":true,"href":"https:\/\/partediario.com.ar\/index.php?rest_route=\/wp\/v2\/users\/2"}],"replies":[{"embeddable":true,"href":"https:\/\/partediario.com.ar\/index.php?rest_route=%2Fwp%2Fv2%2Fcomments&post=4022"}],"version-history":[{"count":1,"href":"https:\/\/partediario.com.ar\/index.php?rest_route=\/wp\/v2\/posts\/4022\/revisions"}],"predecessor-version":[{"id":4024,"href":"https:\/\/partediario.com.ar\/index.php?rest_route=\/wp\/v2\/posts\/4022\/revisions\/4024"}],"wp:featuredmedia":[{"embeddable":true,"href":"https:\/\/partediario.com.ar\/index.php?rest_route=\/wp\/v2\/media\/4023"}],"wp:attachment":[{"href":"https:\/\/partediario.com.ar\/index.php?rest_route=%2Fwp%2Fv2%2Fmedia&parent=4022"}],"wp:term":[{"taxonomy":"category","embeddable":true,"href":"https:\/\/partediario.com.ar\/index.php?rest_route=%2Fwp%2Fv2%2Fcategories&post=4022"},{"taxonomy":"post_tag","embeddable":true,"href":"https:\/\/partediario.com.ar\/index.php?rest_route=%2Fwp%2Fv2%2Ftags&post=4022"}],"curies":[{"name":"wp","href":"https:\/\/api.w.org\/{rel}","templated":true}]}}