{"id":4025,"date":"2024-07-05T13:05:27","date_gmt":"2024-07-05T16:05:27","guid":{"rendered":"https:\/\/partediario.com.ar\/?p=4025"},"modified":"2024-07-05T13:05:29","modified_gmt":"2024-07-05T16:05:29","slug":"frigerio-recibio-a-empresarios-del-transporte-de-cargas","status":"publish","type":"post","link":"https:\/\/partediario.com.ar\/?p=4025","title":{"rendered":"Frigerio recibi\u00f3 a empresarios del transporte de cargas"},"content":{"rendered":"\n<p><strong>Durante la reuni\u00f3n se abordaron diferentes temas de importancia para el sector y se diagram\u00f3 una agenda de trabajo que incluye reuniones con diferentes organismos provinciales. Cuestiones vinculadas a lo tributario, rutas e industria fueron los puntos centrales del encuentro.<\/strong><\/p>\n\n\n\n<p>El secretario de Transporte, Juan Diego Elsesser, acompa\u00f1\u00f3 al presidente de la C\u00e1mara Empresaria del Transporte de Cargas de Entre R\u00edos (Cetacer), Ricardo Wagner, en el encuentro que se desarroll\u00f3 este jueves en Casa de Gobierno con el gobernador Rogelio Frigerio.<\/p>\n\n\n\n<p>Elsesser se\u00f1al\u00f3 que se plantearon \u00abinquietudes para trabajar en conjunto, a fin de darle soluci\u00f3n a diferentes tem\u00e1ticas\u00bb. En ese marco, inform\u00f3 que el cronograma planteado a futuro para darle continuidad a las mismas incluye reuniones con equipos de la Administradora Tributaria de Entre R\u00edos (ATER), Vialidad provincial, y la Secretar\u00eda de Industria, Comercio y Miner\u00eda.<\/p>\n\n\n\n<p>A su vez, Wagner valor\u00f3 el recibimiento por parte del funcionario y el gobernador \u00abpara comenzar a darle soluci\u00f3n a inquietudes que tiene la c\u00e1mara. Tambi\u00e9n hablamos de la situaci\u00f3n a nivel nacional, de las rutas, y quedamos en seguir conectados para ver temas a futuro\u00bb.<\/p>\n\n\n\n<p>Tambi\u00e9n fueron parte del encuentro representantes de la c\u00e1mara provenientes de Gualeguaych\u00fa, Chajar\u00ed y Paran\u00e1, as\u00ed como de la C\u00e1mara de Empresarios de Autotransporte de Cargas (Ceac) a nivel nacional.<\/p>\n","protected":false},"excerpt":{"rendered":"<p>Durante la reuni&oacute;n se abordaron diferentes temas de importancia para el sector y se diagram&oacute; una agenda de trabajo que incluye reuniones con diferentes organismos provinciales. Cuestiones vinculadas a lo tributario, rutas e industria fueron los puntos centrales del encuentro. El secretario de Transporte, Juan Diego Elsesser, acompa&ntilde;&oacute; al presidente de la C&aacute;mara Empresaria del [&hellip;]<\/p>\n","protected":false},"author":2,"featured_media":4026,"comment_status":"open","ping_status":"open","sticky":false,"template":"","format":"standard","meta":{"footnotes":""},"categories":[8,726],"tags":[1496,257,1497,1498,245],"class_list":["post-4025","post","type-post","status-publish","format-standard","has-post-thumbnail","hentry","category-provinciales","category-sociedad","tag-empresarios","tag-entre-rios","tag-juan-diego-elsesser","tag-ricardo-wagner","tag-rogelio-frigerio"],"_links":{"self":[{"href":"https:\/\/partediario.com.ar\/index.php?rest_route=\/wp\/v2\/posts\/4025","targetHints":{"allow":["GET"]}}],"collection":[{"href":"https:\/\/partediario.com.ar\/index.php?rest_route=\/wp\/v2\/posts"}],"about":[{"href":"https:\/\/partediario.com.ar\/index.php?rest_route=\/wp\/v2\/types\/post"}],"author":[{"embeddable":true,"href":"https:\/\/partediario.com.ar\/index.php?rest_route=\/wp\/v2\/users\/2"}],"replies":[{"embeddable":true,"href":"https:\/\/partediario.com.ar\/index.php?rest_route=%2Fwp%2Fv2%2Fcomments&post=4025"}],"version-history":[{"count":1,"href":"https:\/\/partediario.com.ar\/index.php?rest_route=\/wp\/v2\/posts\/4025\/revisions"}],"predecessor-version":[{"id":4027,"href":"https:\/\/partediario.com.ar\/index.php?rest_route=\/wp\/v2\/posts\/4025\/revisions\/4027"}],"wp:featuredmedia":[{"embeddable":true,"href":"https:\/\/partediario.com.ar\/index.php?rest_route=\/wp\/v2\/media\/4026"}],"wp:attachment":[{"href":"https:\/\/partediario.com.ar\/index.php?rest_route=%2Fwp%2Fv2%2Fmedia&parent=4025"}],"wp:term":[{"taxonomy":"category","embeddable":true,"href":"https:\/\/partediario.com.ar\/index.php?rest_route=%2Fwp%2Fv2%2Fcategories&post=4025"},{"taxonomy":"post_tag","embeddable":true,"href":"https:\/\/partediario.com.ar\/index.php?rest_route=%2Fwp%2Fv2%2Ftags&post=4025"}],"curies":[{"name":"wp","href":"https:\/\/api.w.org\/{rel}","templated":true}]}}