{"id":4031,"date":"2024-07-05T17:22:38","date_gmt":"2024-07-05T20:22:38","guid":{"rendered":"https:\/\/partediario.com.ar\/?p=4031"},"modified":"2024-07-05T17:22:39","modified_gmt":"2024-07-05T20:22:39","slug":"santa-elena-avanza-con-intervenciones-en-distintas-arterias-de-la-ciudad","status":"publish","type":"post","link":"https:\/\/partediario.com.ar\/?p=4031","title":{"rendered":"Santa Elena avanza con intervenciones en distintas arterias de la ciudad"},"content":{"rendered":"\n<p><strong>Diferentes calles de nuestra ciudad se encuentran en plena etapa de intervenci\u00f3n, en el marco del plan integral de obras y servicios p\u00fablicos que lleva adelante el Gobierno Municipal de Santa Elena.<\/strong><\/p>\n\n\n\n<p>Bacheos, carpetas asf\u00e1lticas nuevas y sobre pavimento existente, terminaci\u00f3n de veredas, cordones cuneta, sellado, reciclado de pavimento y compactaci\u00f3n, son algunas de las tareas que realiza Personal Municipal durante la semana, se\u00f1alaron.<\/p>\n\n\n\n<p>\u00a1Con fondos locales, una administraci\u00f3n austera y ordenada, seguimos mejorando nuestra ciudad, todos los d\u00edas!<\/p>\n\n\n\n<p><strong>Obras en calle Enrique Renaud<\/strong><\/p>\n\n\n\n<p>Personal Municipal trabaja en la reparaci\u00f3n de calle Enrique Renaud, un punto de la ciudad sumamente transitado, que a partir de estos trabajos favorecer\u00e1 la cotidianeidad de vecinas y vecinos.<\/p>\n\n\n\n<p><\/p>\n\n\n\n<figure class=\"wp-block-image size-large\"><img loading=\"lazy\" decoding=\"async\" width=\"1024\" height=\"576\" src=\"https:\/\/partediario.com.ar\/wp-content\/uploads\/renaud1-1024x576.jpg\" alt=\"\" class=\"wp-image-4032\" srcset=\"https:\/\/partediario.com.ar\/wp-content\/uploads\/renaud1-1024x576.jpg 1024w, https:\/\/partediario.com.ar\/wp-content\/uploads\/renaud1-300x169.jpg 300w, https:\/\/partediario.com.ar\/wp-content\/uploads\/renaud1-768x432.jpg 768w, https:\/\/partediario.com.ar\/wp-content\/uploads\/renaud1-1536x864.jpg 1536w, https:\/\/partediario.com.ar\/wp-content\/uploads\/renaud1.jpg 2048w\" sizes=\"auto, (max-width: 1024px) 100vw, 1024px\" \/><\/figure>\n\n\n\n<p><\/p>\n\n\n\n<figure class=\"wp-block-image size-large\"><img loading=\"lazy\" decoding=\"async\" width=\"1024\" height=\"576\" src=\"https:\/\/partediario.com.ar\/wp-content\/uploads\/renaud2-1024x576.jpg\" alt=\"\" class=\"wp-image-4033\" srcset=\"https:\/\/partediario.com.ar\/wp-content\/uploads\/renaud2-1024x576.jpg 1024w, https:\/\/partediario.com.ar\/wp-content\/uploads\/renaud2-300x169.jpg 300w, https:\/\/partediario.com.ar\/wp-content\/uploads\/renaud2-768x432.jpg 768w, https:\/\/partediario.com.ar\/wp-content\/uploads\/renaud2-1536x864.jpg 1536w, https:\/\/partediario.com.ar\/wp-content\/uploads\/renaud2.jpg 2048w\" sizes=\"auto, (max-width: 1024px) 100vw, 1024px\" \/><\/figure>\n\n\n\n<p><\/p>\n\n\n\n<figure class=\"wp-block-image size-large\"><img loading=\"lazy\" decoding=\"async\" width=\"1024\" height=\"576\" src=\"https:\/\/partediario.com.ar\/wp-content\/uploads\/renaud3-1024x576.jpg\" alt=\"\" class=\"wp-image-4034\" srcset=\"https:\/\/partediario.com.ar\/wp-content\/uploads\/renaud3-1024x576.jpg 1024w, https:\/\/partediario.com.ar\/wp-content\/uploads\/renaud3-300x169.jpg 300w, https:\/\/partediario.com.ar\/wp-content\/uploads\/renaud3-768x432.jpg 768w, https:\/\/partediario.com.ar\/wp-content\/uploads\/renaud3-1536x864.jpg 1536w, https:\/\/partediario.com.ar\/wp-content\/uploads\/renaud3.jpg 2048w\" sizes=\"auto, (max-width: 1024px) 100vw, 1024px\" \/><\/figure>\n\n\n\n<p><strong>Reparaci\u00f3n y mejoras en Calle Belgrano<\/strong><\/p>\n\n\n\n<p>Calle Belgrano est\u00e1 en plena etapa de intervenci\u00f3n por parte de personal municipal con el objetivo de mejorar la transitabilidad peatonal y vial.<\/p>\n\n\n\n<p>Mientras se desarrollan los trabajos, desde el municipio recomiendan circular con precauci\u00f3n por la zona.<\/p>\n\n\n\n<p><\/p>\n\n\n\n<figure class=\"wp-block-image size-large\"><img loading=\"lazy\" decoding=\"async\" width=\"1024\" height=\"576\" src=\"https:\/\/partediario.com.ar\/wp-content\/uploads\/belgrano1-1024x576.jpg\" alt=\"\" class=\"wp-image-4035\" srcset=\"https:\/\/partediario.com.ar\/wp-content\/uploads\/belgrano1-1024x576.jpg 1024w, https:\/\/partediario.com.ar\/wp-content\/uploads\/belgrano1-300x169.jpg 300w, https:\/\/partediario.com.ar\/wp-content\/uploads\/belgrano1-768x432.jpg 768w, https:\/\/partediario.com.ar\/wp-content\/uploads\/belgrano1-1536x864.jpg 1536w, https:\/\/partediario.com.ar\/wp-content\/uploads\/belgrano1.jpg 2048w\" sizes=\"auto, (max-width: 1024px) 100vw, 1024px\" \/><\/figure>\n\n\n\n<p><\/p>\n\n\n\n<figure class=\"wp-block-image size-large\"><img loading=\"lazy\" decoding=\"async\" width=\"1024\" height=\"576\" src=\"https:\/\/partediario.com.ar\/wp-content\/uploads\/belgrano2-1024x576.jpg\" alt=\"\" class=\"wp-image-4036\" srcset=\"https:\/\/partediario.com.ar\/wp-content\/uploads\/belgrano2-1024x576.jpg 1024w, https:\/\/partediario.com.ar\/wp-content\/uploads\/belgrano2-300x169.jpg 300w, https:\/\/partediario.com.ar\/wp-content\/uploads\/belgrano2-768x432.jpg 768w, https:\/\/partediario.com.ar\/wp-content\/uploads\/belgrano2-1536x864.jpg 1536w, https:\/\/partediario.com.ar\/wp-content\/uploads\/belgrano2.jpg 2048w\" sizes=\"auto, (max-width: 1024px) 100vw, 1024px\" \/><\/figure>\n\n\n\n<p><\/p>\n\n\n\n<figure class=\"wp-block-image size-large\"><img loading=\"lazy\" decoding=\"async\" width=\"1024\" height=\"576\" src=\"https:\/\/partediario.com.ar\/wp-content\/uploads\/belgrano3-1024x576.jpg\" alt=\"\" class=\"wp-image-4037\" srcset=\"https:\/\/partediario.com.ar\/wp-content\/uploads\/belgrano3-1024x576.jpg 1024w, https:\/\/partediario.com.ar\/wp-content\/uploads\/belgrano3-300x169.jpg 300w, https:\/\/partediario.com.ar\/wp-content\/uploads\/belgrano3-768x432.jpg 768w, https:\/\/partediario.com.ar\/wp-content\/uploads\/belgrano3-1536x864.jpg 1536w, https:\/\/partediario.com.ar\/wp-content\/uploads\/belgrano3.jpg 2048w\" sizes=\"auto, (max-width: 1024px) 100vw, 1024px\" \/><\/figure>\n\n\n\n<p><\/p>\n\n\n\n<p><\/p>\n\n\n\n<p>Conoce las zonas donde el Gobierno Municipal realizar\u00e1 trabajos de reparaci\u00f3n de calles y veredas o pavimentaci\u00f3n:<\/p>\n\n\n\n<p><\/p>\n\n\n\n<figure class=\"wp-block-image size-full\"><img loading=\"lazy\" decoding=\"async\" width=\"526\" height=\"536\" src=\"https:\/\/partediario.com.ar\/wp-content\/uploads\/448725974_874513338053756_5073035293242143499_n.jpg\" alt=\"\" class=\"wp-image-4038\" srcset=\"https:\/\/partediario.com.ar\/wp-content\/uploads\/448725974_874513338053756_5073035293242143499_n.jpg 526w, https:\/\/partediario.com.ar\/wp-content\/uploads\/448725974_874513338053756_5073035293242143499_n-294x300.jpg 294w\" sizes=\"auto, (max-width: 526px) 100vw, 526px\" \/><\/figure>\n","protected":false},"excerpt":{"rendered":"<p>Diferentes calles de nuestra ciudad se encuentran en plena etapa de intervenci&oacute;n, en el marco del plan integral de obras y servicios p&uacute;blicos que lleva adelante el Gobierno Municipal de Santa Elena. Bacheos, carpetas asf&aacute;lticas nuevas y sobre pavimento existente, terminaci&oacute;n de veredas, cordones cuneta, sellado, reciclado de pavimento y compactaci&oacute;n, son algunas de las [&hellip;]<\/p>\n","protected":false},"author":2,"featured_media":4039,"comment_status":"open","ping_status":"open","sticky":false,"template":"","format":"standard","meta":{"footnotes":""},"categories":[8,726],"tags":[1504,1503,210,207],"class_list":["post-4031","post","type-post","status-publish","format-standard","has-post-thumbnail","hentry","category-provinciales","category-sociedad","tag-arterias","tag-intervenciones","tag-municipalidad","tag-santa-elena"],"_links":{"self":[{"href":"https:\/\/partediario.com.ar\/index.php?rest_route=\/wp\/v2\/posts\/4031","targetHints":{"allow":["GET"]}}],"collection":[{"href":"https:\/\/partediario.com.ar\/index.php?rest_route=\/wp\/v2\/posts"}],"about":[{"href":"https:\/\/partediario.com.ar\/index.php?rest_route=\/wp\/v2\/types\/post"}],"author":[{"embeddable":true,"href":"https:\/\/partediario.com.ar\/index.php?rest_route=\/wp\/v2\/users\/2"}],"replies":[{"embeddable":true,"href":"https:\/\/partediario.com.ar\/index.php?rest_route=%2Fwp%2Fv2%2Fcomments&post=4031"}],"version-history":[{"count":1,"href":"https:\/\/partediario.com.ar\/index.php?rest_route=\/wp\/v2\/posts\/4031\/revisions"}],"predecessor-version":[{"id":4040,"href":"https:\/\/partediario.com.ar\/index.php?rest_route=\/wp\/v2\/posts\/4031\/revisions\/4040"}],"wp:featuredmedia":[{"embeddable":true,"href":"https:\/\/partediario.com.ar\/index.php?rest_route=\/wp\/v2\/media\/4039"}],"wp:attachment":[{"href":"https:\/\/partediario.com.ar\/index.php?rest_route=%2Fwp%2Fv2%2Fmedia&parent=4031"}],"wp:term":[{"taxonomy":"category","embeddable":true,"href":"https:\/\/partediario.com.ar\/index.php?rest_route=%2Fwp%2Fv2%2Fcategories&post=4031"},{"taxonomy":"post_tag","embeddable":true,"href":"https:\/\/partediario.com.ar\/index.php?rest_route=%2Fwp%2Fv2%2Ftags&post=4031"}],"curies":[{"name":"wp","href":"https:\/\/api.w.org\/{rel}","templated":true}]}}