{"id":4041,"date":"2024-07-05T17:57:51","date_gmt":"2024-07-05T20:57:51","guid":{"rendered":"https:\/\/partediario.com.ar\/?p=4041"},"modified":"2024-07-05T17:57:56","modified_gmt":"2024-07-05T20:57:56","slug":"la-provincia-de-entre-rios-y-el-cfi-presentaron-herramientas-financieras-para-potenciar-el-desarrollo-productivo","status":"publish","type":"post","link":"https:\/\/partediario.com.ar\/?p=4041","title":{"rendered":"La provincia de Entre R\u00edos y el CFI presentaron herramientas financieras para potenciar el desarrollo productivo"},"content":{"rendered":"\n<p><strong>El gobernador Rogelio Frigerio, junto al titular del Consejo Federal de Inversiones (CFI), Ignacio Lamothe, particip\u00f3 de las jornadas de articulaci\u00f3n p\u00fablico-privada que organiz\u00f3 el organismo, donde se dieron a conocer herramientas financieras para el desarrollo productivo de la provincia.<\/strong><\/p>\n\n\n\n<p>Cabe se\u00f1alar que en el marco de la l\u00ednea de Reactivaci\u00f3n Productiva del CFI, Entre R\u00edos es la provincia que m\u00e1s cr\u00e9ditos gestion\u00f3, alcanzando los 4.686 millones de pesos.<\/p>\n\n\n\n<p>En la oportunidad, el mandatario se\u00f1al\u00f3 que el objetivo del encuentro es explicar las herramientas con que cuenta la provincia a trav\u00e9s del CFI, para que se propaguen en territorio y \u00abtiene que ver tambi\u00e9n con el rol del Estado, de impulsar el desarrollo econ\u00f3mico de la sociedad, en este caso de Entre R\u00edos, propiciando la generaci\u00f3n de riquezas y de empleo en el sector privado\u00bb.<\/p>\n\n\n\n<p>Agreg\u00f3 que \u00abparte de esa tarea es a trav\u00e9s del cr\u00e9dito\u00bb y, en ese sentido, resalt\u00f3 las l\u00edneas vigentes, como las que se pusieron a disposici\u00f3n en el marco de la Agroactiva, que \u00aba las pocas horas ya hab\u00eda cubierto la demanda y ten\u00edamos una lista de espera\u00bb.<\/p>\n\n\n\n<p>\u00abEsto habla de la avidez por el trabajo, por la producci\u00f3n, por aumentar la capacidad productiva y de empleo que tiene nuestra sociedad\u00bb, subray\u00f3 y afirm\u00f3 que como gobernante \u00abme sirve mucho eso, porque a pesar de las tremendas dificultades por la que atraviesan, los productores no bajan los brazos. Y es un ejemplo para nosotros, quienes tenemos responsabilidades en el sector p\u00fablico\u00bb.<\/p>\n\n\n\n<p>En ese marco, indic\u00f3 que en momentos en que no hay plata, hay que buscar herramientas que permitan salir adelante, \u00abtrabajar junto con organizaciones como el CFI, para mejorar la posibilidad de entregar cr\u00e9ditos a nuestro sector productivo\u00bb.<\/p>\n\n\n\n<p><\/p>\n\n\n\n<figure class=\"wp-block-image size-large\"><img loading=\"lazy\" decoding=\"async\" width=\"1024\" height=\"682\" src=\"https:\/\/partediario.com.ar\/wp-content\/uploads\/CFI_1-1-1-1024x682.jpeg\" alt=\"\" class=\"wp-image-4043\" srcset=\"https:\/\/partediario.com.ar\/wp-content\/uploads\/CFI_1-1-1-1024x682.jpeg 1024w, https:\/\/partediario.com.ar\/wp-content\/uploads\/CFI_1-1-1-300x200.jpeg 300w, https:\/\/partediario.com.ar\/wp-content\/uploads\/CFI_1-1-1-768x512.jpeg 768w, https:\/\/partediario.com.ar\/wp-content\/uploads\/CFI_1-1-1.jpeg 1400w\" sizes=\"auto, (max-width: 1024px) 100vw, 1024px\" \/><\/figure>\n\n\n\n<p><\/p>\n\n\n\n<p>Mencion\u00f3 adem\u00e1s la decisi\u00f3n de \u00abapalancar una herramienta muy buena que tiene la provincia, que es el Fondo de Garant\u00edas de Entre R\u00edos (Fogaer)\u00bb, lo cual se va a hacer con la colaboraci\u00f3n del CFI.<\/p>\n\n\n\n<p>Finalmente, destac\u00f3 el rol del CFI, al cual lo une una relaci\u00f3n, incluso familiar, que se remonta al origen del organismo \u00aben un momento de nuestra historia donde mi abuelo tuvo una participaci\u00f3n importante, all\u00e1 por el gobierno de Frondizi. \u00c9l siempre me hablaba de c\u00f3mo hab\u00eda sido la g\u00e9nesis de la decisi\u00f3n de conformar el Consejo Federal de Inversiones y de contar con este instrumento, en un momento donde el desarrollo econ\u00f3mico empezaba a ser una palabra conocida\u00bb, coment\u00f3 y valor\u00f3 la importancia de este organismo para el federalismo y la interrelaci\u00f3n de experiencias.<\/p>\n\n\n\n<p><\/p>\n\n\n\n<p><strong>Los instrumentos<\/strong><\/p>\n\n\n\n<p>Por su parte, el presidente de CFI Argentina, Ignacio Lamothe, destac\u00f3 el trabajo que viene desarrollando con la provincia mediante un fluido v\u00ednculo de cooperaci\u00f3n con funcionarios, legisladores e intendentes entrerrianos. Sobre los instrumentos presentados en la jornada, remarc\u00f3 que \u00abtienen por objeto apalancar un proyecto que tiene el gobernador, que es la diversificaci\u00f3n de la matriz productiva, la complejizaci\u00f3n de los sectores productivos entrerrianos, la internacionalizaci\u00f3n de la econom\u00eda de Entre R\u00edos\u00bb.<\/p>\n\n\n\n<p>\u00abEsto requiere que el sector p\u00fablico de Entre R\u00edos y el CFI trabajen mancomunadamente. Celebramos esta iniciativa, este impulso que se le est\u00e1 dando a los sectores productivos entrerrianos. Esta es una provincia muy din\u00e1mica e importante para el entramado productivo nacional. La industria necesita que el sector p\u00fablico la acompa\u00f1e con instrumentos concretos, t\u00e9cnicos y financieros. Tenemos especial compromiso con esta pol\u00edtica y queremos acompa\u00f1arlos\u00bb, subray\u00f3 Lamothe.<\/p>\n\n\n\n<p>El mandatario encabez\u00f3 la jornada, que se realiz\u00f3 en el Centro Provincial de Convenciones de Paran\u00e1, junto a la vicegobernadora Alicia Aluani, con la presencia adem\u00e1s de la intendenta de Paran\u00e1, Rosario Romero; del director de Coordinaci\u00f3n del CFI, Nicol\u00e1s Cebela; ministros, legisladores, representantes de Entre R\u00edos ante el organismo; de la Regi\u00f3n Centro; del Fondo de Garant\u00edas de Entre R\u00edos (Fogaer); del sector productivo y de c\u00e1maras y empresarios.<\/p>\n\n\n\n<p><\/p>\n\n\n\n<figure class=\"wp-block-image size-large\"><img loading=\"lazy\" decoding=\"async\" width=\"1024\" height=\"682\" src=\"https:\/\/partediario.com.ar\/wp-content\/uploads\/CFI_4-1-1024x682.jpeg\" alt=\"\" class=\"wp-image-4044\" srcset=\"https:\/\/partediario.com.ar\/wp-content\/uploads\/CFI_4-1-1024x682.jpeg 1024w, https:\/\/partediario.com.ar\/wp-content\/uploads\/CFI_4-1-300x200.jpeg 300w, https:\/\/partediario.com.ar\/wp-content\/uploads\/CFI_4-1-768x512.jpeg 768w, https:\/\/partediario.com.ar\/wp-content\/uploads\/CFI_4-1.jpeg 1400w\" sizes=\"auto, (max-width: 1024px) 100vw, 1024px\" \/><\/figure>\n\n\n\n<p><\/p>\n\n\n\n<p><strong>Gesti\u00f3n de cr\u00e9ditos<\/strong><\/p>\n\n\n\n<p>La gesti\u00f3n para la toma de los cr\u00e9ditos es totalmente gratuita para quienes deciden utilizar esta herramienta y cuenta con la asistencia de t\u00e9cnicos del CFI. El gobierno provincial, a su vez, lleva adelante acciones para bajar los costos de tasas de inter\u00e9s, comisiones bancarias y comisi\u00f3n para las garant\u00edas hipotecarias.<\/p>\n\n\n\n<p>Se plantea adem\u00e1s, financiar encadenamientos productivos y no s\u00f3lo proyectos aislados, y ampliar la cobertura, para que puedan acceder desde los peque\u00f1os productores monotributistas de la econom\u00eda familiar hasta los exportadores, a quienes se acompa\u00f1a con prefinanciamiento de exportaciones.<\/p>\n\n\n\n<p><strong>Las herramientas presentadas<\/strong><\/p>\n\n\n\n<p>En el marco de las herramientas presentadas, figuran l\u00edneas de financiamiento vinculadas a lo productivo, por un total de 3.300 millones de pesos, las cuales fueron anunciadas por el mandatario en el mes de mayo de este a\u00f1o. Estos son: Financiamiento a cadenas productivas (2.000 millones), Financiamiento verde (1.000 millones) y Desarrollo productivo y financiero de las mujeres (300 millones). En la ocasi\u00f3n, el mandatario hizo entrega de certificados a cuatro productores que ya cobraron estos cr\u00e9ditos.<\/p>\n\n\n\n<p>Tambi\u00e9n se puso a disposici\u00f3n el Fondo de Garant\u00eda del CFI, que permite certificar garant\u00edas por m\u00e1s de 500 millones de pesos. Ya son tres los proyectos gestionados a trav\u00e9s de esta herramienta por un valor total de 1.500 millones de pesos: L\u00e1cteos Tonutti, El Hinojo y Entrenuts.<\/p>\n\n\n\n<p>El gobernador se reuni\u00f3 adem\u00e1s con j\u00f3venes entrerrianos que est\u00e1n cursando la quinta edici\u00f3n del programa de formaci\u00f3n federal Gesti\u00f3n para el desarrollo, que comenz\u00f3 en abril de este a\u00f1o y cuenta con m\u00e1s de 400 participantes activos en todo el pa\u00eds, 17 de Entre R\u00edos.<\/p>\n","protected":false},"excerpt":{"rendered":"<p>El gobernador Rogelio Frigerio, junto al titular del Consejo Federal de Inversiones (CFI), Ignacio Lamothe, particip&oacute; de las jornadas de articulaci&oacute;n p&uacute;blico-privada que organiz&oacute; el organismo, donde se dieron a conocer herramientas financieras para el desarrollo productivo de la provincia. Cabe se&ntilde;alar que en el marco de la l&iacute;nea de Reactivaci&oacute;n Productiva del CFI, Entre [&hellip;]<\/p>\n","protected":false},"author":2,"featured_media":4045,"comment_status":"open","ping_status":"open","sticky":false,"template":"","format":"standard","meta":{"footnotes":""},"categories":[8,726],"tags":[944,1505,257,1508,1506,1509,245],"class_list":["post-4041","post","type-post","status-publish","format-standard","has-post-thumbnail","hentry","category-provinciales","category-sociedad","tag-alicia-aluani","tag-cfi","tag-entre-rios","tag-fogaer","tag-ignacio-lamothe","tag-nicolas-cebela","tag-rogelio-frigerio"],"_links":{"self":[{"href":"https:\/\/partediario.com.ar\/index.php?rest_route=\/wp\/v2\/posts\/4041","targetHints":{"allow":["GET"]}}],"collection":[{"href":"https:\/\/partediario.com.ar\/index.php?rest_route=\/wp\/v2\/posts"}],"about":[{"href":"https:\/\/partediario.com.ar\/index.php?rest_route=\/wp\/v2\/types\/post"}],"author":[{"embeddable":true,"href":"https:\/\/partediario.com.ar\/index.php?rest_route=\/wp\/v2\/users\/2"}],"replies":[{"embeddable":true,"href":"https:\/\/partediario.com.ar\/index.php?rest_route=%2Fwp%2Fv2%2Fcomments&post=4041"}],"version-history":[{"count":1,"href":"https:\/\/partediario.com.ar\/index.php?rest_route=\/wp\/v2\/posts\/4041\/revisions"}],"predecessor-version":[{"id":4046,"href":"https:\/\/partediario.com.ar\/index.php?rest_route=\/wp\/v2\/posts\/4041\/revisions\/4046"}],"wp:featuredmedia":[{"embeddable":true,"href":"https:\/\/partediario.com.ar\/index.php?rest_route=\/wp\/v2\/media\/4045"}],"wp:attachment":[{"href":"https:\/\/partediario.com.ar\/index.php?rest_route=%2Fwp%2Fv2%2Fmedia&parent=4041"}],"wp:term":[{"taxonomy":"category","embeddable":true,"href":"https:\/\/partediario.com.ar\/index.php?rest_route=%2Fwp%2Fv2%2Fcategories&post=4041"},{"taxonomy":"post_tag","embeddable":true,"href":"https:\/\/partediario.com.ar\/index.php?rest_route=%2Fwp%2Fv2%2Ftags&post=4041"}],"curies":[{"name":"wp","href":"https:\/\/api.w.org\/{rel}","templated":true}]}}